{"id":32762,"date":"2022-01-05T22:19:22","date_gmt":"2022-01-06T01:19:22","guid":{"rendered":"https:\/\/www.todoeldia.com\/?p=32762"},"modified":"2022-01-05T22:19:24","modified_gmt":"2022-01-06T01:19:24","slug":"se-conocio-que-isabel-macedo-le-fue-infiel-a-facundo-arana-y-hubo-una-dificil-division-de-bienes","status":"publish","type":"post","link":"https:\/\/www.todoeldia.com\/index.php\/2022\/01\/05\/se-conocio-que-isabel-macedo-le-fue-infiel-a-facundo-arana-y-hubo-una-dificil-division-de-bienes\/","title":{"rendered":"Se conoci\u00f3 que Isabel Macedo le fue infiel a Facundo Arana y hubo una dif\u00edcil divisi\u00f3n de bienes"},"content":{"rendered":"\n<p>La historia de amor de Isabel Macedo y Facundo Arana es una de las m\u00e1s reconocidas en el mundo del espect\u00e1culo ya que estuvieron diez a\u00f1os juntos y en el pleno auge de sus carreras.<\/p>\n\n\n\n<p>La pareja se conoc\u00eda desde que eran unos ni\u00f1os, dado que ambos iban al mismo colegio, pero reci\u00e9n en 1996 oficializaron su relaci\u00f3n.<\/p>\n\n\n\n<p>Su amor dur\u00f3 hasta el 2006 y se separaron en medio de rumores de infidelidad por parte de Facundo Arana y sin hacer declaraciones al respecto. Fue la misma Isabel Macedo quien estuvo en aquel entonces invitada a la mesa de Mirtha Legrand y se mostr\u00f3 muy inc\u00f3moda al referirse al tema.<\/p>\n\n\n\n<figure class=\"wp-block-image is-resized\"><img loading=\"lazy\" decoding=\"async\" src=\"https:\/\/www.mdzol.com\/u\/fotografias\/m\/2022\/1\/5\/f768x1-1161172_1161299_5050.jpeg\" alt=\"\" width=\"916\" height=\"1155\"\/><\/figure>\n\n\n\n<p>En aquel entonces se dijo que el actor hab\u00eda tenido un amor\u00edo con Natalia Oreiro, dada su buena qu\u00edmica frente a las c\u00e1maras y que era \u00e9l qui\u00e9n limitada a su pareja, molest\u00e1ndose por la exposici\u00f3n que logr\u00f3 con su papel en Floricienta.<\/p>\n\n\n\n<p>Adem\u00e1s, hasta hace poco se cre\u00eda que Arana hab\u00eda enga\u00f1ado y dejado a la actriz por Mar\u00eda Susini, con quien un a\u00f1o despu\u00e9s blanque\u00f3 su relaci\u00f3n y comenz\u00f3 una familia que a\u00fan hoy sigue en pleno crecimiento.<\/p>\n\n\n\n<p>Fue reci\u00e9n el pasado agosto, a 15 a\u00f1os de la separaci\u00f3n, que sali\u00f3 a la luz una nueva versi\u00f3n que dej\u00f3 a Isabel Macedo como la culpable de terminar con la pareja. Fue Evelyn Von Brocke quien se anim\u00f3 a romper el silencio y contar lo que sab\u00eda.<\/p>\n\n\n\n<p>\u201cCuando se separ\u00f3 de un famoso dec\u00edan que \u00e9l le hab\u00eda sido infiel, pero se sabe entre pasillos que la infiel hab\u00eda sido ella\u201d, comenz\u00f3 diciendo la periodista frente a la pantalla de Intrusos (Am\u00e9rica TV).<\/p>\n\n\n\n<p>Luego continu\u00f3 y dej\u00f3 muy mal parada a la actriz: \u201cEn su edificio se iba al departamento de otro. Cuando \u00e9l no estaba aprovechaba para irse a escondidas a lo del vecino. Lo tuve a Facundo llorando en ese momento porque lo acusaban a \u00e9l, pero la infiel fue ella\u201d.<\/p>\n\n\n\n<p>Seg\u00fan Evelyn fue el mismo Facundo Arana quien le confi\u00f3 esto en el pasado y hasta ahora nadie se hab\u00eda animado a hablar del tema.<\/p>\n\n\n\n<figure class=\"wp-block-image is-resized\"><img loading=\"lazy\" decoding=\"async\" src=\"https:\/\/www.mdzol.com\/u\/fotografias\/m\/2022\/1\/5\/f768x1-1161171_1161298_5050.jpg\" alt=\"\" width=\"905\" height=\"606\"\/><\/figure>\n\n\n\n<p>Pero otro punto importante de lo que fue esa escandalosa separaci\u00f3n fue la divisi\u00f3n de bienes. Si bien la pareja no estaba casada legalmente, conviv\u00eda en el barrio de Palermo, hab\u00edan estado una d\u00e9cada juntos y construido toda una vida.<\/p>\n\n\n\n<figure class=\"wp-block-image is-resized\"><img loading=\"lazy\" decoding=\"async\" src=\"https:\/\/www.mdzol.com\/u\/fotografias\/m\/2022\/1\/5\/f768x1-1161174_1161301_5050.jpeg\" alt=\"\" width=\"910\" height=\"594\"\/><\/figure>\n\n\n\n<p>Seg\u00fan dicen las malas lenguas, Facundo Arana perdi\u00f3 much\u00edsimo dinero en aquella separaci\u00f3n dado que no le quiso entregar una propiedad que ten\u00eda en el mencionado barrio y que le hab\u00eda pertenecido desde sus comienzos.<\/p>\n\n\n\n<p>Si bien el PH no contaba con grandes lujos o proporcionen, le hab\u00eda puesto much\u00edsimo esfuerzo, dedicaci\u00f3n y dinero para hacer de aquel su lugar en el mundo y no estuvo dispuesto a perderlo por quien ahora sabemos que le fue infiel. \u00bfCu\u00e1nta plata habr\u00e1 resignado?<\/p>\n","protected":false},"excerpt":{"rendered":"<p>La historia de amor de Isabel Macedo y Facundo Arana es una de las m\u00e1s reconocidas en el mundo del espect\u00e1culo ya que estuvieron diez a\u00f1os juntos y en el pleno auge de sus carreras. La pareja se conoc\u00eda desde que eran unos ni\u00f1os, dado que ambos iban al mismo colegio, pero reci\u00e9n en 1996 [&hellip;]<\/p>\n","protected":false},"author":2,"featured_media":32763,"comment_status":"open","ping_status":"open","sticky":false,"template":"","format":"standard","meta":{"tdm_status":"","tdm_grid_status":"","_joinchat":[],"footnotes":""},"categories":[73],"tags":[],"class_list":{"0":"post-32762","1":"post","2":"type-post","3":"status-publish","4":"format-standard","5":"has-post-thumbnail","7":"category-noticias-general"},"amp_enabled":true,"_links":{"self":[{"href":"https:\/\/www.todoeldia.com\/index.php\/wp-json\/wp\/v2\/posts\/32762","targetHints":{"allow":["GET"]}}],"collection":[{"href":"https:\/\/www.todoeldia.com\/index.php\/wp-json\/wp\/v2\/posts"}],"about":[{"href":"https:\/\/www.todoeldia.com\/index.php\/wp-json\/wp\/v2\/types\/post"}],"author":[{"embeddable":true,"href":"https:\/\/www.todoeldia.com\/index.php\/wp-json\/wp\/v2\/users\/2"}],"replies":[{"embeddable":true,"href":"https:\/\/www.todoeldia.com\/index.php\/wp-json\/wp\/v2\/comments?post=32762"}],"version-history":[{"count":1,"href":"https:\/\/www.todoeldia.com\/index.php\/wp-json\/wp\/v2\/posts\/32762\/revisions"}],"predecessor-version":[{"id":32764,"href":"https:\/\/www.todoeldia.com\/index.php\/wp-json\/wp\/v2\/posts\/32762\/revisions\/32764"}],"wp:featuredmedia":[{"embeddable":true,"href":"https:\/\/www.todoeldia.com\/index.php\/wp-json\/wp\/v2\/media\/32763"}],"wp:attachment":[{"href":"https:\/\/www.todoeldia.com\/index.php\/wp-json\/wp\/v2\/media?parent=32762"}],"wp:term":[{"taxonomy":"category","embeddable":true,"href":"https:\/\/www.todoeldia.com\/index.php\/wp-json\/wp\/v2\/categories?post=32762"},{"taxonomy":"post_tag","embeddable":true,"href":"https:\/\/www.todoeldia.com\/index.php\/wp-json\/wp\/v2\/tags?post=32762"}],"curies":[{"name":"wp","href":"https:\/\/api.w.org\/{rel}","templated":true}]}}