{"id":32793,"date":"2022-01-06T15:21:29","date_gmt":"2022-01-06T18:21:29","guid":{"rendered":"https:\/\/www.todoeldia.com\/?p=32793"},"modified":"2022-01-06T15:21:31","modified_gmt":"2022-01-06T18:21:31","slug":"6-muertos-otros-2-262-casos-y-salta-se-aproxima-a-los-100-000-contagios","status":"publish","type":"post","link":"https:\/\/www.todoeldia.com\/index.php\/2022\/01\/06\/6-muertos-otros-2-262-casos-y-salta-se-aproxima-a-los-100-000-contagios\/","title":{"rendered":"6 muertos, otros 2.262 casos y Salta se aproxima a los 100.000 contagios"},"content":{"rendered":"\n<p>El Ministerio de Salud P\u00fablica inform\u00f3 que en las \u00faltimas 24 horas se notificaron 6 muertos y 2262 casos nuevos de coronavirus en la provincia.<\/p>\n\n\n\n<p>Hay 77 pacientes internados en unidades de terapia intensiva y 44 con asistencia respiratoria mec\u00e1nica.<\/p>\n\n\n\n<p>A la fecha, los decesos por COVID-19 en Salta suman 2821.<\/p>\n\n\n\n<p>Desde el inicio de la pandemia, en la Provincia suman 99.367 los casos confirmados.<\/p>\n\n\n\n<figure class=\"wp-block-table\"><table><tbody><tr><td><strong>Fecha: 06-01-2022 ( 14.00 hs)<\/strong><\/td><\/tr><tr><td><strong>Casos COVID-19 de residentes en la Provincia de Salta<\/strong><\/td><\/tr><tr><td><strong>Departamento<\/strong><\/td><td><strong>Casos notificados&nbsp;<\/strong><\/td><td><strong>Total de casos notificados a\u00f1o 2022<\/strong><\/td><td><strong>Total de casos notificados a\u00f1o 2021<\/strong><\/td><td><strong>Total de casos acumulados<\/strong><\/td><\/tr><tr><td>Anta<\/td><td>66<\/td><td>84<\/td><td>3879<\/td><td>4655<\/td><\/tr><tr><td>Cachi<\/td><td>15<\/td><td>39<\/td><td>753<\/td><td>880<\/td><\/tr><tr><td>Cafayate<\/td><td>22<\/td><td>34<\/td><td>1526<\/td><td>2142<\/td><\/tr><tr><td>Capital<\/td><td>1064<\/td><td>2651<\/td><td>36390<\/td><td>49585<\/td><\/tr><tr><td>Cerrillos<\/td><td>70<\/td><td>163<\/td><td>2308<\/td><td>3447<\/td><\/tr><tr><td>Chicoana<\/td><td>27<\/td><td>73<\/td><td>1508<\/td><td>1901<\/td><\/tr><tr><td>Gral. G\u00fcemes<\/td><td>55<\/td><td>122<\/td><td>1718<\/td><td>3026<\/td><\/tr><tr><td>Gral. San Mart\u00edn<\/td><td>145<\/td><td>355<\/td><td>4738<\/td><td>7212<\/td><\/tr><tr><td>Guachipas<\/td><td>2<\/td><td>5<\/td><td>250<\/td><td>295<\/td><\/tr><tr><td>Iruya&nbsp;<\/td><td>10<\/td><td>12<\/td><td>467<\/td><td>599<\/td><\/tr><tr><td>La Caldera<\/td><td>41<\/td><td>93<\/td><td>1135<\/td><td>1471<\/td><\/tr><tr><td>La Candelaria<\/td><td>17<\/td><td>32<\/td><td>543<\/td><td>609<\/td><\/tr><tr><td>La Poma<\/td><td>0<\/td><td>0<\/td><td>72<\/td><td>107<\/td><\/tr><tr><td>La Vi\u00f1a<\/td><td>22<\/td><td>55<\/td><td>809<\/td><td>1086<\/td><\/tr><tr><td>Los Andes<\/td><td>19<\/td><td>31<\/td><td>379<\/td><td>640<\/td><\/tr><tr><td>Met\u00e1n<\/td><td>82<\/td><td>152<\/td><td>3478<\/td><td>4166<\/td><\/tr><tr><td>Molinos<\/td><td>9<\/td><td>20<\/td><td>593<\/td><td>680<\/td><\/tr><tr><td>Or\u00e1n<\/td><td>485<\/td><td>1193<\/td><td>4057<\/td><td>7799<\/td><\/tr><tr><td>Rivadavia<\/td><td>23<\/td><td>55<\/td><td>1352<\/td><td>1645<\/td><\/tr><tr><td>Rosario de la Frontera<\/td><td>32<\/td><td>51<\/td><td>2212<\/td><td>2483<\/td><\/tr><tr><td>Rosario de Lerma<\/td><td>34<\/td><td>102<\/td><td>2346<\/td><td>3332<\/td><\/tr><tr><td>San Carlos<\/td><td>12<\/td><td>16<\/td><td>614<\/td><td>790<\/td><\/tr><tr><td>Santa Victoria<\/td><td>10<\/td><td>21<\/td><td>748<\/td><td>817<\/td><\/tr><tr><td><strong>TOTAL<\/strong><\/td><td><strong>2262<\/strong><\/td><td><strong>5359<\/strong><\/td><td><strong>71875<\/strong><\/td><td><strong>99367<\/strong><\/td><\/tr><\/tbody><\/table><\/figure>\n","protected":false},"excerpt":{"rendered":"<p>El Ministerio de Salud P\u00fablica inform\u00f3 que en las \u00faltimas 24 horas se notificaron 6 muertos y 2262 casos nuevos de coronavirus en la provincia. Hay 77 pacientes internados en unidades de terapia intensiva y 44 con asistencia respiratoria mec\u00e1nica. A la fecha, los decesos por COVID-19 en Salta suman 2821. Desde el inicio de [&hellip;]<\/p>\n","protected":false},"author":2,"featured_media":32795,"comment_status":"open","ping_status":"open","sticky":false,"template":"","format":"standard","meta":{"tdm_status":"","tdm_grid_status":"","_joinchat":[],"footnotes":""},"categories":[65],"tags":[],"class_list":{"0":"post-32793","1":"post","2":"type-post","3":"status-publish","4":"format-standard","5":"has-post-thumbnail","7":"category-coronavirus"},"amp_enabled":true,"_links":{"self":[{"href":"https:\/\/www.todoeldia.com\/index.php\/wp-json\/wp\/v2\/posts\/32793","targetHints":{"allow":["GET"]}}],"collection":[{"href":"https:\/\/www.todoeldia.com\/index.php\/wp-json\/wp\/v2\/posts"}],"about":[{"href":"https:\/\/www.todoeldia.com\/index.php\/wp-json\/wp\/v2\/types\/post"}],"author":[{"embeddable":true,"href":"https:\/\/www.todoeldia.com\/index.php\/wp-json\/wp\/v2\/users\/2"}],"replies":[{"embeddable":true,"href":"https:\/\/www.todoeldia.com\/index.php\/wp-json\/wp\/v2\/comments?post=32793"}],"version-history":[{"count":1,"href":"https:\/\/www.todoeldia.com\/index.php\/wp-json\/wp\/v2\/posts\/32793\/revisions"}],"predecessor-version":[{"id":32796,"href":"https:\/\/www.todoeldia.com\/index.php\/wp-json\/wp\/v2\/posts\/32793\/revisions\/32796"}],"wp:featuredmedia":[{"embeddable":true,"href":"https:\/\/www.todoeldia.com\/index.php\/wp-json\/wp\/v2\/media\/32795"}],"wp:attachment":[{"href":"https:\/\/www.todoeldia.com\/index.php\/wp-json\/wp\/v2\/media?parent=32793"}],"wp:term":[{"taxonomy":"category","embeddable":true,"href":"https:\/\/www.todoeldia.com\/index.php\/wp-json\/wp\/v2\/categories?post=32793"},{"taxonomy":"post_tag","embeddable":true,"href":"https:\/\/www.todoeldia.com\/index.php\/wp-json\/wp\/v2\/tags?post=32793"}],"curies":[{"name":"wp","href":"https:\/\/api.w.org\/{rel}","templated":true}]}}