{"id":32852,"date":"2022-01-07T13:42:53","date_gmt":"2022-01-07T16:42:53","guid":{"rendered":"https:\/\/www.todoeldia.com\/?p=32852"},"modified":"2022-01-07T13:42:55","modified_gmt":"2022-01-07T16:42:55","slug":"el-76-de-los-internados-en-la-provincia-no-estan-vacunados","status":"publish","type":"post","link":"https:\/\/www.todoeldia.com\/index.php\/2022\/01\/07\/el-76-de-los-internados-en-la-provincia-no-estan-vacunados\/","title":{"rendered":"El 76% de los internados en la provincia no est\u00e1n vacunados"},"content":{"rendered":"\n<p>En Salta hay 120 camas disponibles en Terapia Intensiva para pacientes graves que hayan contra\u00eddo COVID-19. Las mismas corresponden a hospitales, cl\u00ednicas y sanatorios p\u00fablicos y privados.<\/p>\n\n\n\n<p>Sobre el total de camas UTI, hoy la ocupaci\u00f3n es del 64% en toda la provincia. En el sector p\u00fablico la ocupaci\u00f3n ronda el 76% y en la parte privada el 55%, seg\u00fan datos del Ministerio de Salud P\u00fablica.<\/p>\n\n\n\n<p>\u201cEl 24% de las personas internadas en terapia intensiva tiene aplicada las dos dosis de la vacuna contra el coronavirus, mientras que el 76% de los internados no est\u00e1n vacunados o s\u00f3lo se inocularon una dosis\u201d, explic\u00f3 Daniel Romero, director de zona sanitaria Oeste.<\/p>\n\n\n\n<p>Agreg\u00f3 que \u201clas vacunas son efectivas y eficaces, hoy lo reflejan las cifras de las terapias intensivas en el territorio provincial y en Argentina, ya que es baja la cantidad de personas inmunizadas que requieren internaci\u00f3n por cuadros graves\u201d.<\/p>\n","protected":false},"excerpt":{"rendered":"<p>En Salta hay 120 camas disponibles en Terapia Intensiva para pacientes graves que hayan contra\u00eddo COVID-19. Las mismas corresponden a hospitales, cl\u00ednicas y sanatorios p\u00fablicos y privados. Sobre el total de camas UTI, hoy la ocupaci\u00f3n es del 64% en toda la provincia. En el sector p\u00fablico la ocupaci\u00f3n ronda el 76% y en la [&hellip;]<\/p>\n","protected":false},"author":2,"featured_media":32853,"comment_status":"open","ping_status":"open","sticky":false,"template":"","format":"standard","meta":{"tdm_status":"","tdm_grid_status":"","_joinchat":[],"footnotes":""},"categories":[65],"tags":[],"class_list":{"0":"post-32852","1":"post","2":"type-post","3":"status-publish","4":"format-standard","5":"has-post-thumbnail","7":"category-coronavirus"},"amp_enabled":true,"_links":{"self":[{"href":"https:\/\/www.todoeldia.com\/index.php\/wp-json\/wp\/v2\/posts\/32852","targetHints":{"allow":["GET"]}}],"collection":[{"href":"https:\/\/www.todoeldia.com\/index.php\/wp-json\/wp\/v2\/posts"}],"about":[{"href":"https:\/\/www.todoeldia.com\/index.php\/wp-json\/wp\/v2\/types\/post"}],"author":[{"embeddable":true,"href":"https:\/\/www.todoeldia.com\/index.php\/wp-json\/wp\/v2\/users\/2"}],"replies":[{"embeddable":true,"href":"https:\/\/www.todoeldia.com\/index.php\/wp-json\/wp\/v2\/comments?post=32852"}],"version-history":[{"count":1,"href":"https:\/\/www.todoeldia.com\/index.php\/wp-json\/wp\/v2\/posts\/32852\/revisions"}],"predecessor-version":[{"id":32854,"href":"https:\/\/www.todoeldia.com\/index.php\/wp-json\/wp\/v2\/posts\/32852\/revisions\/32854"}],"wp:featuredmedia":[{"embeddable":true,"href":"https:\/\/www.todoeldia.com\/index.php\/wp-json\/wp\/v2\/media\/32853"}],"wp:attachment":[{"href":"https:\/\/www.todoeldia.com\/index.php\/wp-json\/wp\/v2\/media?parent=32852"}],"wp:term":[{"taxonomy":"category","embeddable":true,"href":"https:\/\/www.todoeldia.com\/index.php\/wp-json\/wp\/v2\/categories?post=32852"},{"taxonomy":"post_tag","embeddable":true,"href":"https:\/\/www.todoeldia.com\/index.php\/wp-json\/wp\/v2\/tags?post=32852"}],"curies":[{"name":"wp","href":"https:\/\/api.w.org\/{rel}","templated":true}]}}