{"id":32949,"date":"2022-01-10T10:03:12","date_gmt":"2022-01-10T13:03:12","guid":{"rendered":"https:\/\/www.todoeldia.com\/?p=32949"},"modified":"2022-01-10T10:03:13","modified_gmt":"2022-01-10T13:03:13","slug":"un-fuerte-sismo-de-5-7-grados-se-registro-en-tucuman-y-se-sintio-tambien-en-salta","status":"publish","type":"post","link":"https:\/\/www.todoeldia.com\/index.php\/2022\/01\/10\/un-fuerte-sismo-de-5-7-grados-se-registro-en-tucuman-y-se-sintio-tambien-en-salta\/","title":{"rendered":"Un fuerte sismo de 5.7 grados se registr\u00f3 en Tucum\u00e1n y se sinti\u00f3 tambi\u00e9n en Salta"},"content":{"rendered":"\n<p>Ocurri\u00f3 minutos despu\u00e9s de las 5:35 de este lunes<\/p>\n\n\n\n<p>Un sismo de 5,7 grados en la escala Richter ocurri\u00f3 en las primeras horas de la ma\u00f1ana de este lunes en la provincia de Tucum\u00e1n. Hasta el momento no se reportaron heridos ni da\u00f1os materiales.<\/p>\n\n\n\n<p>A las 5:36, el Instituto Nacional de Prevenci\u00f3n S\u00edsmica (INPRES) report\u00f3 el fuerte temblor de 10 kil\u00f3metros de profundidad con epicentro a 71 kil\u00f3metros al norte de San Miguel de Tucum\u00e1n, a 155 km al sur de Salta y 16 km al oeste de Trancas.<\/p>\n\n\n\n<p>La latitud del sismo fue -26.220 y la longitud de -65.440. Los primeros testimonios de las personas que viven en la zona dan cuenta de que el temblor se sinti\u00f3 con fuerza. Por la hora en la que se produjo, muchas personas estaban durmiendo y algunas otras se estaban despertando.<\/p>\n\n\n\n<p>La duraci\u00f3n del movimiento fue de 10 a 15 segundos y debido a la poca profundidad, el temblor se sinti\u00f3 con m\u00e1s fuerza por los habitantes de las ciudades afectadas.<\/p>\n\n\n\n<p>Tambi\u00e9n se hizo sentir en las vecinas provincias de Salta y Santiago del Estero. Hasta el momento, Defensa Civil no confirm\u00f3 que se hayan registrado da\u00f1os materiales.<\/p>\n","protected":false},"excerpt":{"rendered":"<p>Ocurri\u00f3 minutos despu\u00e9s de las 5:35 de este lunes Un sismo de 5,7 grados en la escala Richter ocurri\u00f3 en las primeras horas de la ma\u00f1ana de este lunes en la provincia de Tucum\u00e1n. Hasta el momento no se reportaron heridos ni da\u00f1os materiales. A las 5:36, el Instituto Nacional de Prevenci\u00f3n S\u00edsmica (INPRES) report\u00f3 [&hellip;]<\/p>\n","protected":false},"author":2,"featured_media":32950,"comment_status":"open","ping_status":"open","sticky":false,"template":"","format":"standard","meta":{"tdm_status":"","tdm_grid_status":"","_joinchat":[],"footnotes":""},"categories":[73],"tags":[],"class_list":{"0":"post-32949","1":"post","2":"type-post","3":"status-publish","4":"format-standard","5":"has-post-thumbnail","7":"category-noticias-general"},"amp_enabled":true,"_links":{"self":[{"href":"https:\/\/www.todoeldia.com\/index.php\/wp-json\/wp\/v2\/posts\/32949","targetHints":{"allow":["GET"]}}],"collection":[{"href":"https:\/\/www.todoeldia.com\/index.php\/wp-json\/wp\/v2\/posts"}],"about":[{"href":"https:\/\/www.todoeldia.com\/index.php\/wp-json\/wp\/v2\/types\/post"}],"author":[{"embeddable":true,"href":"https:\/\/www.todoeldia.com\/index.php\/wp-json\/wp\/v2\/users\/2"}],"replies":[{"embeddable":true,"href":"https:\/\/www.todoeldia.com\/index.php\/wp-json\/wp\/v2\/comments?post=32949"}],"version-history":[{"count":1,"href":"https:\/\/www.todoeldia.com\/index.php\/wp-json\/wp\/v2\/posts\/32949\/revisions"}],"predecessor-version":[{"id":32951,"href":"https:\/\/www.todoeldia.com\/index.php\/wp-json\/wp\/v2\/posts\/32949\/revisions\/32951"}],"wp:featuredmedia":[{"embeddable":true,"href":"https:\/\/www.todoeldia.com\/index.php\/wp-json\/wp\/v2\/media\/32950"}],"wp:attachment":[{"href":"https:\/\/www.todoeldia.com\/index.php\/wp-json\/wp\/v2\/media?parent=32949"}],"wp:term":[{"taxonomy":"category","embeddable":true,"href":"https:\/\/www.todoeldia.com\/index.php\/wp-json\/wp\/v2\/categories?post=32949"},{"taxonomy":"post_tag","embeddable":true,"href":"https:\/\/www.todoeldia.com\/index.php\/wp-json\/wp\/v2\/tags?post=32949"}],"curies":[{"name":"wp","href":"https:\/\/api.w.org\/{rel}","templated":true}]}}