{"id":33005,"date":"2022-01-10T22:57:36","date_gmt":"2022-01-11T01:57:36","guid":{"rendered":"https:\/\/www.todoeldia.com\/?p=33005"},"modified":"2022-01-10T22:57:37","modified_gmt":"2022-01-11T01:57:37","slug":"1-000-policias-de-salta-aislados-por-contagios","status":"publish","type":"post","link":"https:\/\/www.todoeldia.com\/index.php\/2022\/01\/10\/1-000-policias-de-salta-aislados-por-contagios\/","title":{"rendered":"1.000 policias de Salta aislados por contagios"},"content":{"rendered":"\n<p>El Comit\u00e9 Operativo Policial, entidad interna encargada de llevar el control de casos, revel\u00f3 hoy a Nuevo Diario que hasta la fecha 896 miembros de la polic\u00eda est\u00e1n aislados, 358 casos dieron positivos y 538 contactos estrechos esperan los resultados del testeo.<\/p>\n\n\n\n<p>La suba de contagios afect\u00f3 severamente a los efectivos de la Polic\u00eda de Salta, inform\u00f3 a este medio la oficial Maria Estrada, Jefa Interina de Prensa de la fuerza.<\/p>\n\n\n\n<p>Estas cifras representan una baja del 7% del total de los efectivos disponibles, tomando como base las declaraciones del ministro Abel Cornejo, donde admite que la fuerza solo cuenta con 12.000 miembros en actividad y 2.000 con licencia m\u00e9dica.<\/p>\n\n\n\n<p>Estrada dijo a Nuevo Diario que si bien es un alto porcentaje de contagios en la fuerza, solo uno de los casos necesit\u00f3 asistencia m\u00e9dica e internaci\u00f3n por complicaciones con la enfermedad. Seg\u00fan la oficial, esto se debe a que los polic\u00edas optaron por vacunase con las dos primeras dosis.<\/p>\n\n\n\n<p>Hoy en el Hospital Materno Infantil hasta horas 19:00, los integrantes de la polic\u00eda tienen un lugar asignado especial para ellos, donde puden vacunarse con 2da y tercera dosis.<\/p>\n\n\n\n<p>El porcentaje de agentes vacunados con la primera dosis alcanza m\u00e1s del 90%, y se han inmunizado con la segunda dosis de las vacunas m\u00e1s de 9.000 efectivos.<\/p>\n\n\n\n<p>La implementaci\u00f3n de esta campa\u00f1a redujo dr\u00e1sticamente el porcentaje de efectivos que tuvieron que recurrir a la asistencia respiratoria con respectos a los contagios que hubo entre miembros de la fuerza durante la primera ola de coronavirus.<\/p>\n","protected":false},"excerpt":{"rendered":"<p>El Comit\u00e9 Operativo Policial, entidad interna encargada de llevar el control de casos, revel\u00f3 hoy a Nuevo Diario que hasta la fecha 896 miembros de la polic\u00eda est\u00e1n aislados, 358 casos dieron positivos y 538 contactos estrechos esperan los resultados del testeo. La suba de contagios afect\u00f3 severamente a los efectivos de la Polic\u00eda de [&hellip;]<\/p>\n","protected":false},"author":2,"featured_media":33006,"comment_status":"open","ping_status":"open","sticky":false,"template":"","format":"standard","meta":{"tdm_status":"","tdm_grid_status":"","_joinchat":[],"footnotes":""},"categories":[63],"tags":[],"class_list":{"0":"post-33005","1":"post","2":"type-post","3":"status-publish","4":"format-standard","5":"has-post-thumbnail","7":"category-policiales"},"amp_enabled":true,"_links":{"self":[{"href":"https:\/\/www.todoeldia.com\/index.php\/wp-json\/wp\/v2\/posts\/33005","targetHints":{"allow":["GET"]}}],"collection":[{"href":"https:\/\/www.todoeldia.com\/index.php\/wp-json\/wp\/v2\/posts"}],"about":[{"href":"https:\/\/www.todoeldia.com\/index.php\/wp-json\/wp\/v2\/types\/post"}],"author":[{"embeddable":true,"href":"https:\/\/www.todoeldia.com\/index.php\/wp-json\/wp\/v2\/users\/2"}],"replies":[{"embeddable":true,"href":"https:\/\/www.todoeldia.com\/index.php\/wp-json\/wp\/v2\/comments?post=33005"}],"version-history":[{"count":1,"href":"https:\/\/www.todoeldia.com\/index.php\/wp-json\/wp\/v2\/posts\/33005\/revisions"}],"predecessor-version":[{"id":33007,"href":"https:\/\/www.todoeldia.com\/index.php\/wp-json\/wp\/v2\/posts\/33005\/revisions\/33007"}],"wp:featuredmedia":[{"embeddable":true,"href":"https:\/\/www.todoeldia.com\/index.php\/wp-json\/wp\/v2\/media\/33006"}],"wp:attachment":[{"href":"https:\/\/www.todoeldia.com\/index.php\/wp-json\/wp\/v2\/media?parent=33005"}],"wp:term":[{"taxonomy":"category","embeddable":true,"href":"https:\/\/www.todoeldia.com\/index.php\/wp-json\/wp\/v2\/categories?post=33005"},{"taxonomy":"post_tag","embeddable":true,"href":"https:\/\/www.todoeldia.com\/index.php\/wp-json\/wp\/v2\/tags?post=33005"}],"curies":[{"name":"wp","href":"https:\/\/api.w.org\/{rel}","templated":true}]}}