{"id":33008,"date":"2022-01-10T23:01:20","date_gmt":"2022-01-11T02:01:20","guid":{"rendered":"https:\/\/www.todoeldia.com\/?p=33008"},"modified":"2022-01-10T23:01:21","modified_gmt":"2022-01-11T02:01:21","slug":"manteros-en-pie-de-guerra-contra-la-muni","status":"publish","type":"post","link":"https:\/\/www.todoeldia.com\/index.php\/2022\/01\/10\/manteros-en-pie-de-guerra-contra-la-muni\/","title":{"rendered":"Manteros en pie de guerra contra la Muni"},"content":{"rendered":"\n<p>M\u00e1s de un centenar de manteros marchan por las calles c\u00e9ntricas exigiendo a la Municipalidad pr\u00f3rroga para seguir en el Parque San Mart\u00edn. Jorge Pampero referente del sector dijo a Nuevo Diario que si la Municipalidad no acepta el planteo de tres opciones, llegar\u00e1n al extremo de crucificarse en el CCM.<\/p>\n\n\n\n<p>Vendedores ambulantes del Parque San Marti\u00ed piden a las autoridades municipales que se les permita seguir vendiendo all\u00ed durante la temporada de verano.<\/p>\n\n\n\n<p>Desde la Municipalidad se les advirti\u00f3 que no otorgar\u00e1n permisos nuevamente, e instan a los manteros que alquilen un local, como lo hizo un grupo de 50 trabajadores informales del sector.<\/p>\n\n\n\n<p>Manteros asentados en Plaza Francia, Plaza Italia y Plaza Col\u00f3n, marchan durante la ma\u00f1ana del lunes por las calles del centro salte\u00f1o.<\/p>\n\n\n\n<p>M\u00e1s de un centenar de vendedores informales partieron del lago del Parque San Mart\u00edn por calle Buenos Aiires con destino a las oficinas de la Subsecetar\u00eda de Espacios P\u00fablicos de Alvarado al 700, donde 6 representantes del grupo ingresar\u00e1n para reunirse con la titular del \u00e1rea Susana Pontussi.<\/p>\n\n\n\n<p>Los manteros se concentraron en estado de alerta y movilizaci\u00f3n tras conocer la decisi\u00f3n del ejecutivo municipal de no renovar los permisos de venta y uso del espacio p\u00fablico.<\/p>\n\n\n\n<p>Los vendedores ambulantes hab\u00edan llegado a los espacios verdes reubicados desde las peatonales luego del llamado \u201coperativo de reordenamiento del espacio urbano\u201d que coordinaron los funcionarios municipales Jorge Altamirano Director de Protecci\u00f3n Ciudadana y Susana Pontussi.<\/p>\n\n\n\n<p>Seg\u00fan confirm\u00f3 Pampero -referente del sector- a Nuevo Diario, a la entrevista con Pontussi le llevan un planteo de tres opciones y advirtieron que de no llegar a un acuerdo por alguna de ellas, est\u00e1n dispuestos como medida extrema a crucificarse frente al Centro C\u00edvico Municipal.<\/p>\n\n\n\n<p>Entre las peticiones est\u00e1 la propuesta de pr\u00f3rroga de los permisos de venta a la Municipalidad de Salta, con la particularidad de que los vendedores usar\u00e1n el espacio pasadas las 18:00 horas y sin el uso de gacebos en la v\u00eda p\u00fablica.<\/p>\n\n\n\n<p>La Comuna no ceder\u00e1<\/p>\n\n\n\n<p>Sin embargo, Susana Pontussi, interventora de la Direcci\u00f3n de Espacios P\u00fablicos, adelant\u00f3 a este medio que desde el ejecutivo no aceptar\u00e1n esta propuesta. La funcionaria expres\u00f3 que los ambulantes sab\u00edan que exist\u00eda una fecha de caducidad para el acuerdo que hab\u00edan concretado en noviembre del 2021.<\/p>\n\n\n\n<p>Aludi\u00f3 que: \u201cellos sabian que pod\u00edan estar por tiempo determinado, desde un primer momento conoc\u00edan que deb\u00edan estar en esas plazas por un tiempo. Se les notific\u00f3\u201d.&nbsp;<\/p>\n\n\n\n<p>Ademas coment\u00f3 que d\u00edas previos al vencimiento del plazo \u201cse les hizo la \u00faltima notificaci\u00f3n del plazo preventorio hasta el 8 de enero para que tuvieran la posibilidad de vender en fiestas y reyes. El plazo fue una fecha acordada con ellos que se ten\u00edan que retirar y ellos aceptaron\u201d.<\/p>\n\n\n\n<p>Consultada por la posibilidad que el ejecutivo corra con los gastos de un local para que los manteros desarrollen su actividad en ese lugar, la ex concejal declar\u00f3 que eso es imposible dado que ser\u00eda una \u201cfalta de respeto\u201d para todos los comerciantes e incluso para los manteros que han llegado a regularizar su situaci\u00f3n.<\/p>\n\n\n\n<p>Delegados de los vendedores informales dieron a conocer otras propuestas de manera &#8220;informal&#8221; a la funcionaria. A lo que ella aludi\u00f3 que les dijo que no: &#8220;Los espacios p\u00fablicos son espacios p\u00fablicos que recuperamos y no lo vamos a ceder\u201d, sentenci\u00f3.<\/p>\n","protected":false},"excerpt":{"rendered":"<p>M\u00e1s de un centenar de manteros marchan por las calles c\u00e9ntricas exigiendo a la Municipalidad pr\u00f3rroga para seguir en el Parque San Mart\u00edn. Jorge Pampero referente del sector dijo a Nuevo Diario que si la Municipalidad no acepta el planteo de tres opciones, llegar\u00e1n al extremo de crucificarse en el CCM. Vendedores ambulantes del Parque [&hellip;]<\/p>\n","protected":false},"author":2,"featured_media":33009,"comment_status":"open","ping_status":"open","sticky":false,"template":"","format":"standard","meta":{"tdm_status":"","tdm_grid_status":"","_joinchat":[],"footnotes":""},"categories":[73],"tags":[],"class_list":{"0":"post-33008","1":"post","2":"type-post","3":"status-publish","4":"format-standard","5":"has-post-thumbnail","7":"category-noticias-general"},"amp_enabled":true,"_links":{"self":[{"href":"https:\/\/www.todoeldia.com\/index.php\/wp-json\/wp\/v2\/posts\/33008","targetHints":{"allow":["GET"]}}],"collection":[{"href":"https:\/\/www.todoeldia.com\/index.php\/wp-json\/wp\/v2\/posts"}],"about":[{"href":"https:\/\/www.todoeldia.com\/index.php\/wp-json\/wp\/v2\/types\/post"}],"author":[{"embeddable":true,"href":"https:\/\/www.todoeldia.com\/index.php\/wp-json\/wp\/v2\/users\/2"}],"replies":[{"embeddable":true,"href":"https:\/\/www.todoeldia.com\/index.php\/wp-json\/wp\/v2\/comments?post=33008"}],"version-history":[{"count":1,"href":"https:\/\/www.todoeldia.com\/index.php\/wp-json\/wp\/v2\/posts\/33008\/revisions"}],"predecessor-version":[{"id":33010,"href":"https:\/\/www.todoeldia.com\/index.php\/wp-json\/wp\/v2\/posts\/33008\/revisions\/33010"}],"wp:featuredmedia":[{"embeddable":true,"href":"https:\/\/www.todoeldia.com\/index.php\/wp-json\/wp\/v2\/media\/33009"}],"wp:attachment":[{"href":"https:\/\/www.todoeldia.com\/index.php\/wp-json\/wp\/v2\/media?parent=33008"}],"wp:term":[{"taxonomy":"category","embeddable":true,"href":"https:\/\/www.todoeldia.com\/index.php\/wp-json\/wp\/v2\/categories?post=33008"},{"taxonomy":"post_tag","embeddable":true,"href":"https:\/\/www.todoeldia.com\/index.php\/wp-json\/wp\/v2\/tags?post=33008"}],"curies":[{"name":"wp","href":"https:\/\/api.w.org\/{rel}","templated":true}]}}