{"id":33015,"date":"2022-01-11T10:00:13","date_gmt":"2022-01-11T13:00:13","guid":{"rendered":"https:\/\/www.todoeldia.com\/?p=33015"},"modified":"2022-01-11T10:00:15","modified_gmt":"2022-01-11T13:00:15","slug":"murio-martin-carrizo-el-hermano-de-caramelito","status":"publish","type":"post","link":"https:\/\/www.todoeldia.com\/index.php\/2022\/01\/11\/murio-martin-carrizo-el-hermano-de-caramelito\/","title":{"rendered":"Muri\u00f3 Mart\u00edn Carrizo, el hermano de Caramelito"},"content":{"rendered":"\n<p>Mart\u00edn Carrizo muri\u00f3 a los 50 a\u00f1os. El m\u00fasico padec\u00eda ELA y llevaba varios a\u00f1os luchando contra esta enfermedad, acompa\u00f1ado de su familia.<\/p>\n\n\n\n<p>En la madrugada del lunes, el baterista Mart\u00edn Carrizo muri\u00f3 a los 50 a\u00f1os. El m\u00fasico hab\u00eda trabajado junto a grandes artistas argentinos como Gustavo Cerati, Walter Giardino y el Indio Solari, y era hermano de la conductora Caramelito.<\/p>\n\n\n\n<p>Mart\u00edn padec\u00eda Esclerosis Lateral Amiotr\u00f3fica (ELA) y llevaba varios a\u00f1os luchando contra esta enfermedad degenerativa.<\/p>\n\n\n\n<p>Caramelito fue quien confirm\u00f3 la noticia a trav\u00e9s de sus redes sociales: \u201cDecime por favor por d\u00f3nde sigo\u201d. \u00a0Gracias queridos y queridas por tanto cari\u00f1o, ayuda y apoyo incondicional. Le hicieron muy bien cada d\u00eda. Infinitas gracias. Mart\u00edn falleci\u00f3 hoy 11 de enero a la madrugada. Su amor, su sonrisa, su m\u00fasica queda en nosotros para siempre\u201d.<\/p>\n\n\n\n<figure class=\"wp-block-image\"><img decoding=\"async\" src=\"https:\/\/radiomitre-la100-prod.cdn.arcpublishing.com\/resizer\/GAa4azZ8uMgEwmYxczBveW59904=\/1200x600\/smart\/cloudfront-us-east-1.images.arcpublishing.com\/radiomitre\/CU6RRGQPHVDBLKRNFHXZU5XOWI.jpg\" alt=\"Muri\u00f3 Mart\u00edn Carrizo, el hermano de Caramelito\"\/><\/figure>\n\n\n\n<p>Junto a ese emotivo mensaje, la conductora public\u00f3 una fotograf\u00eda donde se los ve a ambos muy peque\u00f1os, tomados de la mano. A principios de diciembre, Mart\u00edn Carrizo hab\u00eda compartido un posteo en su cuenta de Instagram donde cont\u00f3 c\u00f3mo afrontaba la internaci\u00f3n intentando encontrar un cura para su enfermedad<\/p>\n","protected":false},"excerpt":{"rendered":"<p>Mart\u00edn Carrizo muri\u00f3 a los 50 a\u00f1os. El m\u00fasico padec\u00eda ELA y llevaba varios a\u00f1os luchando contra esta enfermedad, acompa\u00f1ado de su familia. En la madrugada del lunes, el baterista Mart\u00edn Carrizo muri\u00f3 a los 50 a\u00f1os. El m\u00fasico hab\u00eda trabajado junto a grandes artistas argentinos como Gustavo Cerati, Walter Giardino y el Indio Solari, [&hellip;]<\/p>\n","protected":false},"author":2,"featured_media":33016,"comment_status":"open","ping_status":"open","sticky":false,"template":"","format":"standard","meta":{"tdm_status":"","tdm_grid_status":"","_joinchat":[],"footnotes":""},"categories":[120],"tags":[],"class_list":{"0":"post-33015","1":"post","2":"type-post","3":"status-publish","4":"format-standard","5":"has-post-thumbnail","7":"category-espectaculos-2"},"amp_enabled":true,"_links":{"self":[{"href":"https:\/\/www.todoeldia.com\/index.php\/wp-json\/wp\/v2\/posts\/33015","targetHints":{"allow":["GET"]}}],"collection":[{"href":"https:\/\/www.todoeldia.com\/index.php\/wp-json\/wp\/v2\/posts"}],"about":[{"href":"https:\/\/www.todoeldia.com\/index.php\/wp-json\/wp\/v2\/types\/post"}],"author":[{"embeddable":true,"href":"https:\/\/www.todoeldia.com\/index.php\/wp-json\/wp\/v2\/users\/2"}],"replies":[{"embeddable":true,"href":"https:\/\/www.todoeldia.com\/index.php\/wp-json\/wp\/v2\/comments?post=33015"}],"version-history":[{"count":1,"href":"https:\/\/www.todoeldia.com\/index.php\/wp-json\/wp\/v2\/posts\/33015\/revisions"}],"predecessor-version":[{"id":33017,"href":"https:\/\/www.todoeldia.com\/index.php\/wp-json\/wp\/v2\/posts\/33015\/revisions\/33017"}],"wp:featuredmedia":[{"embeddable":true,"href":"https:\/\/www.todoeldia.com\/index.php\/wp-json\/wp\/v2\/media\/33016"}],"wp:attachment":[{"href":"https:\/\/www.todoeldia.com\/index.php\/wp-json\/wp\/v2\/media?parent=33015"}],"wp:term":[{"taxonomy":"category","embeddable":true,"href":"https:\/\/www.todoeldia.com\/index.php\/wp-json\/wp\/v2\/categories?post=33015"},{"taxonomy":"post_tag","embeddable":true,"href":"https:\/\/www.todoeldia.com\/index.php\/wp-json\/wp\/v2\/tags?post=33015"}],"curies":[{"name":"wp","href":"https:\/\/api.w.org\/{rel}","templated":true}]}}