{"id":33018,"date":"2022-01-11T10:08:23","date_gmt":"2022-01-11T13:08:23","guid":{"rendered":"https:\/\/www.todoeldia.com\/?p=33018"},"modified":"2022-01-11T10:08:24","modified_gmt":"2022-01-11T13:08:24","slug":"pfizer-anuncio-que-en-el-mes-de-marzo-tendra-una-vacuna-contra-la-variante-de-coronavirus-omicron","status":"publish","type":"post","link":"https:\/\/www.todoeldia.com\/index.php\/2022\/01\/11\/pfizer-anuncio-que-en-el-mes-de-marzo-tendra-una-vacuna-contra-la-variante-de-coronavirus-omicron\/","title":{"rendered":"Pfizer anunci\u00f3 que en el mes de marzo tendr\u00e1 una vacuna contra la variante de coronavirus \u00d3micron"},"content":{"rendered":"\n<p>As\u00ed lo asegur\u00f3 el CEO de la farmac\u00e9utica, Albert Bourla. Buscar\u00e1n que tenga \u201cuna protecci\u00f3n mucho mejor contra las infecciones\u201d.<\/p>\n\n\n\n<p>La farmac\u00e9utica estadounidense Pfizer dijo este lunes que espera tener en marzo una nueva vacuna contra el covid-19 que mejore la protecci\u00f3n contra la variante \u00f3micron.<\/p>\n\n\n\n<p>El consejero delegado de Pfizer, Albert Bourla, explic\u00f3 que a\u00fan no est\u00e1 claro si este nuevo producto ser\u00e1 necesario, pero dijo que su empresa ya est\u00e1 comenzando a fabricar las primeras dosis dado que algunos pa\u00edses quieren disponer de ellas cuanto antes.<\/p>\n\n\n\n<p>&#8220;La esperanza es que logremos algo que tenga una protecci\u00f3n mucho mejor, en particular contra las infecciones, porque la protecci\u00f3n contra hospitalizaciones y enfermedad grave ahora mismo es razonable con las vacunas actuales, siempre que se haya administrado la tercera dosis&#8221;, dijo Bourla al canal de televisi\u00f3n CNBC.<\/p>\n\n\n\n<p>El m\u00e1ximo ejecutivo de Pfizer explic\u00f3 que la nueva versi\u00f3n busca una mayor inmunidad ante \u00f3micron, pero seguir\u00eda ofreciendo protecci\u00f3n ante otras variantes.<\/p>\n","protected":false},"excerpt":{"rendered":"<p>As\u00ed lo asegur\u00f3 el CEO de la farmac\u00e9utica, Albert Bourla. Buscar\u00e1n que tenga \u201cuna protecci\u00f3n mucho mejor contra las infecciones\u201d. La farmac\u00e9utica estadounidense Pfizer dijo este lunes que espera tener en marzo una nueva vacuna contra el covid-19 que mejore la protecci\u00f3n contra la variante \u00f3micron. El consejero delegado de Pfizer, Albert Bourla, explic\u00f3 que [&hellip;]<\/p>\n","protected":false},"author":2,"featured_media":33022,"comment_status":"open","ping_status":"open","sticky":false,"template":"","format":"standard","meta":{"tdm_status":"","tdm_grid_status":"","_joinchat":[],"footnotes":""},"categories":[65],"tags":[],"class_list":{"0":"post-33018","1":"post","2":"type-post","3":"status-publish","4":"format-standard","5":"has-post-thumbnail","7":"category-coronavirus"},"amp_enabled":true,"_links":{"self":[{"href":"https:\/\/www.todoeldia.com\/index.php\/wp-json\/wp\/v2\/posts\/33018","targetHints":{"allow":["GET"]}}],"collection":[{"href":"https:\/\/www.todoeldia.com\/index.php\/wp-json\/wp\/v2\/posts"}],"about":[{"href":"https:\/\/www.todoeldia.com\/index.php\/wp-json\/wp\/v2\/types\/post"}],"author":[{"embeddable":true,"href":"https:\/\/www.todoeldia.com\/index.php\/wp-json\/wp\/v2\/users\/2"}],"replies":[{"embeddable":true,"href":"https:\/\/www.todoeldia.com\/index.php\/wp-json\/wp\/v2\/comments?post=33018"}],"version-history":[{"count":1,"href":"https:\/\/www.todoeldia.com\/index.php\/wp-json\/wp\/v2\/posts\/33018\/revisions"}],"predecessor-version":[{"id":33023,"href":"https:\/\/www.todoeldia.com\/index.php\/wp-json\/wp\/v2\/posts\/33018\/revisions\/33023"}],"wp:featuredmedia":[{"embeddable":true,"href":"https:\/\/www.todoeldia.com\/index.php\/wp-json\/wp\/v2\/media\/33022"}],"wp:attachment":[{"href":"https:\/\/www.todoeldia.com\/index.php\/wp-json\/wp\/v2\/media?parent=33018"}],"wp:term":[{"taxonomy":"category","embeddable":true,"href":"https:\/\/www.todoeldia.com\/index.php\/wp-json\/wp\/v2\/categories?post=33018"},{"taxonomy":"post_tag","embeddable":true,"href":"https:\/\/www.todoeldia.com\/index.php\/wp-json\/wp\/v2\/tags?post=33018"}],"curies":[{"name":"wp","href":"https:\/\/api.w.org\/{rel}","templated":true}]}}