{"id":33024,"date":"2022-01-11T10:13:40","date_gmt":"2022-01-11T13:13:40","guid":{"rendered":"https:\/\/www.todoeldia.com\/?p=33024"},"modified":"2022-01-11T10:13:42","modified_gmt":"2022-01-11T13:13:42","slug":"joven-adicto-a-la-carcel-por-amenazar-a-sus-hermanas-y-a-su-madre","status":"publish","type":"post","link":"https:\/\/www.todoeldia.com\/index.php\/2022\/01\/11\/joven-adicto-a-la-carcel-por-amenazar-a-sus-hermanas-y-a-su-madre\/","title":{"rendered":"Joven adicto a la carcel por amenazar a sus hermanas y a su madre"},"content":{"rendered":"\n<p>Jorge Daniel \u00c1vila fue condenado a la pena de un a\u00f1o y dos meses de prisi\u00f3n efectiva por ser autor de los delitos de amenazas con armas (dos hechos) y amenazas (dos hechos) en concurso real.<\/p>\n\n\n\n<p>Lo denunci\u00f3 su hermana el 25 de enero del a\u00f1o pasado, cuando vio que amenazaba a su madre con una botella de vidrio partida y un machete. Al momento que ella se acerc\u00f3 para intentar calmarlo tambi\u00e9n la amenaz\u00f3. Ante esta situaci\u00f3n llamaron a otra hermana, que fue amenazada por \u00c1vila. Las mujeres contaron que su hermano es adicto a sustancias prohibidas desde hace tres a\u00f1os.<\/p>\n\n\n\n<p>El juez de la Sala VII del Tribunal de Juicio, Francisco Mascarello, lo declar\u00f3 reincidente por segunda vez teniendo en cuenta los antecedentes condenatorios que registra. Adem\u00e1s, orden\u00f3 comunicar a las denunciantes que tienen el derecho a ser informadas y expresar su opini\u00f3n acerca de los planteos sobre beneficios carcelarios que pueda presentar el condenado durante el cumplimiento de la pena.<\/p>\n\n\n\n<p>\u00c1vila ser\u00e1 trasladado a la Unidad Carcelaria 1 de Villa Las Rosas, donde continuar\u00e1 detenido.<\/p>\n","protected":false},"excerpt":{"rendered":"<p>Jorge Daniel \u00c1vila fue condenado a la pena de un a\u00f1o y dos meses de prisi\u00f3n efectiva por ser autor de los delitos de amenazas con armas (dos hechos) y amenazas (dos hechos) en concurso real. Lo denunci\u00f3 su hermana el 25 de enero del a\u00f1o pasado, cuando vio que amenazaba a su madre con [&hellip;]<\/p>\n","protected":false},"author":2,"featured_media":33026,"comment_status":"open","ping_status":"open","sticky":false,"template":"","format":"standard","meta":{"tdm_status":"","tdm_grid_status":"","_joinchat":[],"footnotes":""},"categories":[73],"tags":[],"class_list":{"0":"post-33024","1":"post","2":"type-post","3":"status-publish","4":"format-standard","5":"has-post-thumbnail","7":"category-noticias-general"},"amp_enabled":true,"_links":{"self":[{"href":"https:\/\/www.todoeldia.com\/index.php\/wp-json\/wp\/v2\/posts\/33024","targetHints":{"allow":["GET"]}}],"collection":[{"href":"https:\/\/www.todoeldia.com\/index.php\/wp-json\/wp\/v2\/posts"}],"about":[{"href":"https:\/\/www.todoeldia.com\/index.php\/wp-json\/wp\/v2\/types\/post"}],"author":[{"embeddable":true,"href":"https:\/\/www.todoeldia.com\/index.php\/wp-json\/wp\/v2\/users\/2"}],"replies":[{"embeddable":true,"href":"https:\/\/www.todoeldia.com\/index.php\/wp-json\/wp\/v2\/comments?post=33024"}],"version-history":[{"count":1,"href":"https:\/\/www.todoeldia.com\/index.php\/wp-json\/wp\/v2\/posts\/33024\/revisions"}],"predecessor-version":[{"id":33027,"href":"https:\/\/www.todoeldia.com\/index.php\/wp-json\/wp\/v2\/posts\/33024\/revisions\/33027"}],"wp:featuredmedia":[{"embeddable":true,"href":"https:\/\/www.todoeldia.com\/index.php\/wp-json\/wp\/v2\/media\/33026"}],"wp:attachment":[{"href":"https:\/\/www.todoeldia.com\/index.php\/wp-json\/wp\/v2\/media?parent=33024"}],"wp:term":[{"taxonomy":"category","embeddable":true,"href":"https:\/\/www.todoeldia.com\/index.php\/wp-json\/wp\/v2\/categories?post=33024"},{"taxonomy":"post_tag","embeddable":true,"href":"https:\/\/www.todoeldia.com\/index.php\/wp-json\/wp\/v2\/tags?post=33024"}],"curies":[{"name":"wp","href":"https:\/\/api.w.org\/{rel}","templated":true}]}}