{"id":33034,"date":"2022-01-11T12:46:11","date_gmt":"2022-01-11T15:46:11","guid":{"rendered":"https:\/\/www.todoeldia.com\/?p=33034"},"modified":"2022-01-11T12:46:12","modified_gmt":"2022-01-11T15:46:12","slug":"el-gobierno-determino-que-las-personas-vacunadas-no-deberan-aislarse-por-contacto-estrecho","status":"publish","type":"post","link":"https:\/\/www.todoeldia.com\/index.php\/2022\/01\/11\/el-gobierno-determino-que-las-personas-vacunadas-no-deberan-aislarse-por-contacto-estrecho\/","title":{"rendered":"El Gobierno determin\u00f3 que las personas vacunadas no deber\u00e1n aislarse por contacto estrecho"},"content":{"rendered":"\n<p>La medida regir\u00e1 para personas sin s\u00edntomas que tengan aplicadas tres inmunizaciones contra el coronavirus. A quienes cuenten con dos sueros podr\u00e1n reducirles el tiempo de exclusi\u00f3n.<\/p>\n\n\n\n<p>El Gobierno determin\u00f3 que las personas que tengan aplicadas tres vacunas contra el coronavirus, sin s\u00edntomas, no deber\u00e1n aislarse por ser contactos estrechos de coronavirus. La aplicaci\u00f3n de la medida quedar\u00e1 a cargo de cada jurisdicci\u00f3n.<\/p>\n\n\n\n<p>La ministra de Salud Carla Vizzotti anticip\u00f3 el lunes en TN que iban a analizar actualizaciones en los protocolos de aislamiento de los contactos estrechos y los casos positivos. En el caso de los contactos estrechos con dos dosis podr\u00e1n flexibilizar el aislamiento.<\/p>\n\n\n\n<p>A qui\u00e9nes alcanzan los cambios en el aislamiento por coronavirus<\/p>\n\n\n\n<p>Vizzotti explic\u00f3 que los cambios en el aislamiento por coronavirus se tomaron por el \u201cimportante impacto\u201d de la reclusi\u00f3n de los contactos estrechos \u201cen el sistema de salud, polic\u00edas, bomberos, el sector de la energ\u00eda, Aerol\u00edneas Argentinas pero tambi\u00e9n en el sector privado\u201d.<\/p>\n\n\n\n<p>C\u00f3mo se aplicar\u00e1n los cambios en el aislamiento por coronavirus<\/p>\n\n\n\n<p>La ministra de Salud aclar\u00f3 que ser\u00e1 cada jurisdicci\u00f3n la que determine la implementaci\u00f3n de los cambios en el aislamiento por coronavirus, que se determinaron en una reuni\u00f3n del Consejo Federal de Salud (COFESA) en la que estuvieron Vizzotti, sus pares de todas las provincias y especialistas.<\/p>\n\n\n\n<p>Vizzotti dijo que \u201ccada provincia tiene diferente avance en la vacunaci\u00f3n, diferente situaci\u00f3n epidemiol\u00f3gica, diferente capacidad de testeo y diferente sobre todo actividades que son consideradas prioritarias\u201d.<\/p>\n","protected":false},"excerpt":{"rendered":"<p>La medida regir\u00e1 para personas sin s\u00edntomas que tengan aplicadas tres inmunizaciones contra el coronavirus. A quienes cuenten con dos sueros podr\u00e1n reducirles el tiempo de exclusi\u00f3n. El Gobierno determin\u00f3 que las personas que tengan aplicadas tres vacunas contra el coronavirus, sin s\u00edntomas, no deber\u00e1n aislarse por ser contactos estrechos de coronavirus. La aplicaci\u00f3n de [&hellip;]<\/p>\n","protected":false},"author":2,"featured_media":33035,"comment_status":"open","ping_status":"open","sticky":false,"template":"","format":"standard","meta":{"tdm_status":"","tdm_grid_status":"","_joinchat":[],"footnotes":""},"categories":[65],"tags":[],"class_list":{"0":"post-33034","1":"post","2":"type-post","3":"status-publish","4":"format-standard","5":"has-post-thumbnail","7":"category-coronavirus"},"amp_enabled":true,"_links":{"self":[{"href":"https:\/\/www.todoeldia.com\/index.php\/wp-json\/wp\/v2\/posts\/33034","targetHints":{"allow":["GET"]}}],"collection":[{"href":"https:\/\/www.todoeldia.com\/index.php\/wp-json\/wp\/v2\/posts"}],"about":[{"href":"https:\/\/www.todoeldia.com\/index.php\/wp-json\/wp\/v2\/types\/post"}],"author":[{"embeddable":true,"href":"https:\/\/www.todoeldia.com\/index.php\/wp-json\/wp\/v2\/users\/2"}],"replies":[{"embeddable":true,"href":"https:\/\/www.todoeldia.com\/index.php\/wp-json\/wp\/v2\/comments?post=33034"}],"version-history":[{"count":1,"href":"https:\/\/www.todoeldia.com\/index.php\/wp-json\/wp\/v2\/posts\/33034\/revisions"}],"predecessor-version":[{"id":33036,"href":"https:\/\/www.todoeldia.com\/index.php\/wp-json\/wp\/v2\/posts\/33034\/revisions\/33036"}],"wp:featuredmedia":[{"embeddable":true,"href":"https:\/\/www.todoeldia.com\/index.php\/wp-json\/wp\/v2\/media\/33035"}],"wp:attachment":[{"href":"https:\/\/www.todoeldia.com\/index.php\/wp-json\/wp\/v2\/media?parent=33034"}],"wp:term":[{"taxonomy":"category","embeddable":true,"href":"https:\/\/www.todoeldia.com\/index.php\/wp-json\/wp\/v2\/categories?post=33034"},{"taxonomy":"post_tag","embeddable":true,"href":"https:\/\/www.todoeldia.com\/index.php\/wp-json\/wp\/v2\/tags?post=33034"}],"curies":[{"name":"wp","href":"https:\/\/api.w.org\/{rel}","templated":true}]}}