{"id":33094,"date":"2022-01-12T09:55:00","date_gmt":"2022-01-12T12:55:00","guid":{"rendered":"https:\/\/www.todoeldia.com\/?p=33094"},"modified":"2022-01-12T09:55:01","modified_gmt":"2022-01-12T12:55:01","slug":"motociclistas-violentos-y-ladrones","status":"publish","type":"post","link":"https:\/\/www.todoeldia.com\/index.php\/2022\/01\/12\/motociclistas-violentos-y-ladrones\/","title":{"rendered":"Motociclistas violentos y ladrones"},"content":{"rendered":"\n<p>Un hombre de 18 a\u00f1os fue detenido e imputado por un hecho ocurrido el pasado 2 de enero en la zona Sur de la ciudad de Salta, donde un hombre de 23 a\u00f1os fue agredido por cuatro personas que circulaban en motocicletas, da\u00f1aron su autom\u00f3vil y le sustrajeron elementos personales.<\/p>\n\n\n\n<p>El fiscal penal 3 Horacio C\u00f3rdoba Mazuranic, imput\u00f3 provisionalmente a un joven de 18 a\u00f1os por la posible comisi\u00f3n del delito de robo en poblado y en banda y da\u00f1os en concurso real.<\/p>\n\n\n\n<p>El hecho investigado ocurri\u00f3 el pasado 2 de enero en la zona Sur de la ciudad de Salta, cuando el hombre de 23 a\u00f1os, tras mantener un incidente de tr\u00e1nsito con unos j\u00f3venes que circulaban a bordo de motocicletas, habr\u00eda sido interceptados por estos, lesionado con golpes y elementos contundentes, sufri\u00f3 da\u00f1os el autom\u00f3vil y le habr\u00edan sustra\u00eddo el celular, el est\u00e9reo y la billetera.<\/p>\n\n\n\n<p>Vecinos llamaron al Sistema de Emergencias 911 y los efectivos lograron demorar a uno de los sospechosos de haber cometido el hecho y se logr\u00f3 el secuestro de una motocicleta y entre otras pertenencias, el celular del damnificado. Los otros motociclistas lograron huir del lugar luego de tratar de impedir la aprehensi\u00f3n del acusado.<\/p>\n\n\n\n<p>Desde la Fiscal\u00eda se solicit\u00f3 al Juzgado de Garant\u00edas en turno que se mantenga la detenci\u00f3n del acusado, mientras se cumplen numerosas medidas solicitadas.<\/p>\n","protected":false},"excerpt":{"rendered":"<p>Un hombre de 18 a\u00f1os fue detenido e imputado por un hecho ocurrido el pasado 2 de enero en la zona Sur de la ciudad de Salta, donde un hombre de 23 a\u00f1os fue agredido por cuatro personas que circulaban en motocicletas, da\u00f1aron su autom\u00f3vil y le sustrajeron elementos personales. El fiscal penal 3 Horacio [&hellip;]<\/p>\n","protected":false},"author":2,"featured_media":33095,"comment_status":"open","ping_status":"open","sticky":false,"template":"","format":"standard","meta":{"tdm_status":"","tdm_grid_status":"","_joinchat":[],"footnotes":""},"categories":[73],"tags":[],"class_list":{"0":"post-33094","1":"post","2":"type-post","3":"status-publish","4":"format-standard","5":"has-post-thumbnail","7":"category-noticias-general"},"amp_enabled":true,"_links":{"self":[{"href":"https:\/\/www.todoeldia.com\/index.php\/wp-json\/wp\/v2\/posts\/33094","targetHints":{"allow":["GET"]}}],"collection":[{"href":"https:\/\/www.todoeldia.com\/index.php\/wp-json\/wp\/v2\/posts"}],"about":[{"href":"https:\/\/www.todoeldia.com\/index.php\/wp-json\/wp\/v2\/types\/post"}],"author":[{"embeddable":true,"href":"https:\/\/www.todoeldia.com\/index.php\/wp-json\/wp\/v2\/users\/2"}],"replies":[{"embeddable":true,"href":"https:\/\/www.todoeldia.com\/index.php\/wp-json\/wp\/v2\/comments?post=33094"}],"version-history":[{"count":1,"href":"https:\/\/www.todoeldia.com\/index.php\/wp-json\/wp\/v2\/posts\/33094\/revisions"}],"predecessor-version":[{"id":33096,"href":"https:\/\/www.todoeldia.com\/index.php\/wp-json\/wp\/v2\/posts\/33094\/revisions\/33096"}],"wp:featuredmedia":[{"embeddable":true,"href":"https:\/\/www.todoeldia.com\/index.php\/wp-json\/wp\/v2\/media\/33095"}],"wp:attachment":[{"href":"https:\/\/www.todoeldia.com\/index.php\/wp-json\/wp\/v2\/media?parent=33094"}],"wp:term":[{"taxonomy":"category","embeddable":true,"href":"https:\/\/www.todoeldia.com\/index.php\/wp-json\/wp\/v2\/categories?post=33094"},{"taxonomy":"post_tag","embeddable":true,"href":"https:\/\/www.todoeldia.com\/index.php\/wp-json\/wp\/v2\/tags?post=33094"}],"curies":[{"name":"wp","href":"https:\/\/api.w.org\/{rel}","templated":true}]}}