{"id":33100,"date":"2022-01-12T15:52:40","date_gmt":"2022-01-12T18:52:40","guid":{"rendered":"https:\/\/www.todoeldia.com\/?p=33100"},"modified":"2022-01-12T15:52:42","modified_gmt":"2022-01-12T18:52:42","slug":"gerardo-morales-lidera-el-ranking-de-mandatarios-correspondiente-a-enero","status":"publish","type":"post","link":"https:\/\/www.todoeldia.com\/index.php\/2022\/01\/12\/gerardo-morales-lidera-el-ranking-de-mandatarios-correspondiente-a-enero\/","title":{"rendered":"Gerardo Morales, lidera el ranking de mandatarios correspondiente a enero"},"content":{"rendered":"\n<p>Con 72,4% de imagen positiva, Morales se ubica en el primer lugar, superando a Sergio U\u00f1ac, gobernador de San Juan, que alcanz\u00f3 70,3%; Oscar Ahuad, de Misiones, 69,8%; Sergio Ziliotto, La Pampa, 69,5%; y Gustavo Vald\u00e9s, de Corrientes, 68,3%; entre las primeras cinco posiciones. El 29,9% de los encuestados valora como muy buena la imagen de Morales, mientras que el 28,6% la considera buena. En tanto, el 13,9% opin\u00f3 que es entre buena y regular.<\/p>\n\n\n\n<figure class=\"wp-block-image size-full is-resized\"><img loading=\"lazy\" decoding=\"async\" src=\"https:\/\/www.todoeldia.com\/wp-content\/uploads\/2022\/01\/imagen-de-gobernadores.jpg\" alt=\"\" class=\"wp-image-33102\" width=\"1066\" height=\"791\" srcset=\"https:\/\/www.todoeldia.com\/wp-content\/uploads\/2022\/01\/imagen-de-gobernadores-485x360.jpg 485w, https:\/\/www.todoeldia.com\/wp-content\/uploads\/2022\/01\/imagen-de-gobernadores-80x60.jpg 80w, https:\/\/www.todoeldia.com\/wp-content\/uploads\/2022\/01\/imagen-de-gobernadores-265x198.jpg 265w\" sizes=\"auto, (max-width: 1066px) 100vw, 1066px\" \/><\/figure>\n\n\n\n<p>a imagen positiva de Morales ante la opini\u00f3n p\u00fablica, muestra una evoluci\u00f3n sostenida y contundente, por cuanto crece significativamente mes a mes. En este sentido, es oportuno recordar que en diciembre el gobernador juje\u00f1o se ubic\u00f3 en el segundo lugar del ranking, posicionamiento que se consolid\u00f3 en el curso de las \u00faltimas semanas a partir de su s\u00f3lida gesti\u00f3n provincial y tambi\u00e9n de su visible rol protag\u00f3nico al frente de la conducci\u00f3n de la UCR nacional, como principal componente pol\u00edtico de la coalici\u00f3n Juntos por el Cambio.<\/p>\n\n\n\n<figure class=\"wp-block-image size-full is-resized\"><img loading=\"lazy\" decoding=\"async\" src=\"https:\/\/www.todoeldia.com\/wp-content\/uploads\/2022\/01\/imagen-gobernadores1.jpg\" alt=\"\" class=\"wp-image-33103\" width=\"1067\" height=\"679\"\/><\/figure>\n\n\n\n<p>Por otro lado, el gobernador de Jujuy demand\u00f3 a Alberto Fern\u00e1ndez &#8220;frenar los ataques contra la Corte Suprema de Justicia&#8221;, desde el convencimiento de que &#8220;para el sistema democr\u00e1tico, es fundamental el respeto al principio de divisi\u00f3n e independencia de los poderes del Estado&#8221;.<\/p>\n\n\n\n<p>De esta manera, objet\u00f3 severamente la movilizaci\u00f3n convocada por fracciones del kirchnerismo para el 1 de febrero a fin de &#8220;echar&#8221; a los jueces de la Corte Suprema, entendiendo que tal cita reviste &#8220;suma gravedad&#8221; para las instituciones y la Rep\u00fablica.<\/p>\n","protected":false},"excerpt":{"rendered":"<p>Con 72,4% de imagen positiva, Morales se ubica en el primer lugar, superando a Sergio U\u00f1ac, gobernador de San Juan, que alcanz\u00f3 70,3%; Oscar Ahuad, de Misiones, 69,8%; Sergio Ziliotto, La Pampa, 69,5%; y Gustavo Vald\u00e9s, de Corrientes, 68,3%; entre las primeras cinco posiciones. El 29,9% de los encuestados valora como muy buena la imagen [&hellip;]<\/p>\n","protected":false},"author":2,"featured_media":33101,"comment_status":"open","ping_status":"open","sticky":false,"template":"","format":"standard","meta":{"tdm_status":"","tdm_grid_status":"","_joinchat":[],"footnotes":""},"categories":[59],"tags":[],"class_list":{"0":"post-33100","1":"post","2":"type-post","3":"status-publish","4":"format-standard","5":"has-post-thumbnail","7":"category-politica"},"amp_enabled":true,"_links":{"self":[{"href":"https:\/\/www.todoeldia.com\/index.php\/wp-json\/wp\/v2\/posts\/33100","targetHints":{"allow":["GET"]}}],"collection":[{"href":"https:\/\/www.todoeldia.com\/index.php\/wp-json\/wp\/v2\/posts"}],"about":[{"href":"https:\/\/www.todoeldia.com\/index.php\/wp-json\/wp\/v2\/types\/post"}],"author":[{"embeddable":true,"href":"https:\/\/www.todoeldia.com\/index.php\/wp-json\/wp\/v2\/users\/2"}],"replies":[{"embeddable":true,"href":"https:\/\/www.todoeldia.com\/index.php\/wp-json\/wp\/v2\/comments?post=33100"}],"version-history":[{"count":1,"href":"https:\/\/www.todoeldia.com\/index.php\/wp-json\/wp\/v2\/posts\/33100\/revisions"}],"predecessor-version":[{"id":33104,"href":"https:\/\/www.todoeldia.com\/index.php\/wp-json\/wp\/v2\/posts\/33100\/revisions\/33104"}],"wp:featuredmedia":[{"embeddable":true,"href":"https:\/\/www.todoeldia.com\/index.php\/wp-json\/wp\/v2\/media\/33101"}],"wp:attachment":[{"href":"https:\/\/www.todoeldia.com\/index.php\/wp-json\/wp\/v2\/media?parent=33100"}],"wp:term":[{"taxonomy":"category","embeddable":true,"href":"https:\/\/www.todoeldia.com\/index.php\/wp-json\/wp\/v2\/categories?post=33100"},{"taxonomy":"post_tag","embeddable":true,"href":"https:\/\/www.todoeldia.com\/index.php\/wp-json\/wp\/v2\/tags?post=33100"}],"curies":[{"name":"wp","href":"https:\/\/api.w.org\/{rel}","templated":true}]}}