{"id":33781,"date":"2022-01-29T10:12:08","date_gmt":"2022-01-29T13:12:08","guid":{"rendered":"https:\/\/www.todoeldia.com\/?p=33781"},"modified":"2022-01-29T10:12:10","modified_gmt":"2022-01-29T13:12:10","slug":"la-conmebol-confirmo-la-sancion-contra-boca-que-jugadores-se-perderan-la-libertadores","status":"publish","type":"post","link":"https:\/\/www.todoeldia.com\/index.php\/2022\/01\/29\/la-conmebol-confirmo-la-sancion-contra-boca-que-jugadores-se-perderan-la-libertadores\/","title":{"rendered":"La CONMEBOL confirm\u00f3 la sanci\u00f3n contra Boca: qu\u00e9 jugadores se perder\u00e1n la Libertadores"},"content":{"rendered":"\n<p>Boca tendr\u00e1 la baja de algunos de sus principales jugadores durante gran parte de la fase de grupos de la Copa Libertadores.<\/p>\n\n\n\n<p>La CONMEBOL rechaz\u00f3 la apelaci\u00f3n que hizo Boca por la suspensi\u00f3n de algunos de sus jugadores por los incidentes ocurridos el a\u00f1o pasado tras la eliminaci\u00f3n de la Copa Libertadores frente a Atl\u00e9tico Mineiro. La resoluci\u00f3n fue adoptada este jueves por la noche por la Comisi\u00f3n de Apelaciones del organismo, que se\u00f1al\u00f3 que el Xeneize puede hacer un nuevo pedido ante el Tribunal Arbitral del Deporte (TAD).<\/p>\n\n\n\n<p>De esta manera, quedaron firmes la decisi\u00f3n anunciada el 8 de octubre pasado, y que el club dirigido por Jorge Amor Ameal hab\u00eda apelado a comienzos de diciembre. \u201cContra esta decisi\u00f3n cabe recurso ante el Tribunal Arbitral del Deporte (TAD), conforme al Art. 57 del C\u00f3digo Disciplinario de la CONMEBOL en el plazo de veinti\u00fan d\u00edas corridos a partir del d\u00eda siguiente a la notificaci\u00f3n de los fundamentos de la presente decisi\u00f3n, debiendo cumplir con las formalidades y elementos establecidos por el TAD\u201d, aclar\u00f3 el organismo en su fallo.<\/p>\n\n\n\n<p>Es as\u00ed que ahora Sebasti\u00e1n Battaglia deber\u00e1 armar un rompecabezas y pensar qui\u00e9nes ser\u00e1n los reemplazantes de Cristian Pav\u00f3n (6 partidos), Sebasti\u00e1n Villa (6 partidos), Marcos Rojo (5 partidos), Carlos Izquierdoz (4 partidos), Diego \u201cPulpo\u201d Gonz\u00e1lez (3 partidos) y Javier Garc\u00eda (2 partidos).<\/p>\n\n\n\n<p>Las bajas m\u00e1s sensibles son las de los defensores centrales, quienes podr\u00edan ser reemplazados por Nicol\u00e1s Figal -flamante incorporaci\u00f3n de Boca en este mercado de pases- y Gast\u00f3n Avila, juvenil que acaba de volver de su pr\u00e9stamo a Rosario Central. En tanto que en el mediocampo, Agust\u00edn Almendra o Cristian Medina podr\u00edan ocupar el puesto de Gonz\u00e1lez.<\/p>\n","protected":false},"excerpt":{"rendered":"<p>Boca tendr\u00e1 la baja de algunos de sus principales jugadores durante gran parte de la fase de grupos de la Copa Libertadores. La CONMEBOL rechaz\u00f3 la apelaci\u00f3n que hizo Boca por la suspensi\u00f3n de algunos de sus jugadores por los incidentes ocurridos el a\u00f1o pasado tras la eliminaci\u00f3n de la Copa Libertadores frente a Atl\u00e9tico [&hellip;]<\/p>\n","protected":false},"author":2,"featured_media":33782,"comment_status":"open","ping_status":"open","sticky":false,"template":"","format":"standard","meta":{"tdm_status":"","tdm_grid_status":"","_joinchat":[],"footnotes":""},"categories":[62],"tags":[],"class_list":{"0":"post-33781","1":"post","2":"type-post","3":"status-publish","4":"format-standard","5":"has-post-thumbnail","7":"category-deportes"},"amp_enabled":true,"_links":{"self":[{"href":"https:\/\/www.todoeldia.com\/index.php\/wp-json\/wp\/v2\/posts\/33781","targetHints":{"allow":["GET"]}}],"collection":[{"href":"https:\/\/www.todoeldia.com\/index.php\/wp-json\/wp\/v2\/posts"}],"about":[{"href":"https:\/\/www.todoeldia.com\/index.php\/wp-json\/wp\/v2\/types\/post"}],"author":[{"embeddable":true,"href":"https:\/\/www.todoeldia.com\/index.php\/wp-json\/wp\/v2\/users\/2"}],"replies":[{"embeddable":true,"href":"https:\/\/www.todoeldia.com\/index.php\/wp-json\/wp\/v2\/comments?post=33781"}],"version-history":[{"count":1,"href":"https:\/\/www.todoeldia.com\/index.php\/wp-json\/wp\/v2\/posts\/33781\/revisions"}],"predecessor-version":[{"id":33783,"href":"https:\/\/www.todoeldia.com\/index.php\/wp-json\/wp\/v2\/posts\/33781\/revisions\/33783"}],"wp:featuredmedia":[{"embeddable":true,"href":"https:\/\/www.todoeldia.com\/index.php\/wp-json\/wp\/v2\/media\/33782"}],"wp:attachment":[{"href":"https:\/\/www.todoeldia.com\/index.php\/wp-json\/wp\/v2\/media?parent=33781"}],"wp:term":[{"taxonomy":"category","embeddable":true,"href":"https:\/\/www.todoeldia.com\/index.php\/wp-json\/wp\/v2\/categories?post=33781"},{"taxonomy":"post_tag","embeddable":true,"href":"https:\/\/www.todoeldia.com\/index.php\/wp-json\/wp\/v2\/tags?post=33781"}],"curies":[{"name":"wp","href":"https:\/\/api.w.org\/{rel}","templated":true}]}}