{"id":33784,"date":"2022-01-29T15:17:36","date_gmt":"2022-01-29T18:17:36","guid":{"rendered":"https:\/\/www.todoeldia.com\/?p=33784"},"modified":"2022-01-29T15:19:31","modified_gmt":"2022-01-29T18:19:31","slug":"en-seis-dias-la-provincia-reporto-117-muertos-hoy-notifico-25-fallecimientos","status":"publish","type":"post","link":"https:\/\/www.todoeldia.com\/index.php\/2022\/01\/29\/en-seis-dias-la-provincia-reporto-117-muertos-hoy-notifico-25-fallecimientos\/","title":{"rendered":"En seis d\u00edas la Provincia report\u00f3 117 muertos: hoy notific\u00f3 25 fallecimientos"},"content":{"rendered":"\n<p>El Ministerio de Salud P\u00fablica inform\u00f3 que en las \u00faltimas 24 horas se notificaron 25 muertos, y desde el pasado lunes 24 se reportaron 117 fallecimientos por coronavirus en Salta.<\/p>\n\n\n\n<p>Tambi\u00e9n se inform\u00f3 de 709 contagios, que hay 133 pacientes internados en unidades de terapia intensiva, 70 con asistencia respiratoria mec\u00e1nica y que desde el inicio de la pandemia murieron 3.082 personas.<\/p>\n\n\n\n<p>Desde el inicio de la pandemia, en la Provincia suman 147.916 los casos confirmados.<\/p>\n\n\n\n<figure class=\"wp-block-table\"><table><tbody><tr><td><strong>Fecha: 29-01-2022 ( 14.00 hs)<\/strong><\/td><\/tr><tr><td><strong>Casos COVID-19 de residentes en la Provincia de Salta<\/strong><\/td><\/tr><tr><td><strong>Departamento<\/strong><\/td><td><strong>Casos notificados&nbsp;<\/strong><\/td><td><strong>Total de casos notificados a\u00f1o 2022<\/strong><\/td><td><strong>Total de casos acumulados<\/strong><\/td><\/tr><tr><td>Anta<\/td><td>10<\/td><td>1943<\/td><td>6514<\/td><\/tr><tr><td>Cachi<\/td><td>4<\/td><td>490<\/td><td>1331<\/td><\/tr><tr><td>Cafayate<\/td><td>2<\/td><td>749<\/td><td>2857<\/td><\/tr><tr><td>Capital<\/td><td>408<\/td><td>28579<\/td><td>75513<\/td><\/tr><tr><td>Cerrillos<\/td><td>29<\/td><td>1902<\/td><td>5186<\/td><\/tr><tr><td>Chicoana<\/td><td>12<\/td><td>1048<\/td><td>2876<\/td><\/tr><tr><td>Gral. G\u00fcemes<\/td><td>17<\/td><td>1963<\/td><td>4867<\/td><\/tr><tr><td>Gral. San Mart\u00edn<\/td><td>60<\/td><td>3615<\/td><td>10472<\/td><\/tr><tr><td>Guachipas<\/td><td>0<\/td><td>177<\/td><td>467<\/td><\/tr><tr><td>Iruya&nbsp;<\/td><td>11<\/td><td>171<\/td><td>758<\/td><\/tr><tr><td>La Caldera<\/td><td>12<\/td><td>876<\/td><td>2254<\/td><\/tr><tr><td>La Candelaria<\/td><td>9<\/td><td>376<\/td><td>953<\/td><\/tr><tr><td>La Poma<\/td><td>1<\/td><td>90<\/td><td>197<\/td><\/tr><tr><td>La Vi\u00f1a<\/td><td>5<\/td><td>479<\/td><td>1510<\/td><\/tr><tr><td>Los Andes<\/td><td>3<\/td><td>485<\/td><td>1094<\/td><\/tr><tr><td>Met\u00e1n<\/td><td>28<\/td><td>1630<\/td><td>5644<\/td><\/tr><tr><td>Molinos<\/td><td>4<\/td><td>294<\/td><td>954<\/td><\/tr><tr><td>Or\u00e1n<\/td><td>38<\/td><td>4766<\/td><td>11372<\/td><\/tr><tr><td>Rivadavia<\/td><td>7<\/td><td>824<\/td><td>2414<\/td><\/tr><tr><td>Rosario de la Frontera<\/td><td>12<\/td><td>988<\/td><td>3420<\/td><\/tr><tr><td>Rosario de Lerma<\/td><td>20<\/td><td>1836<\/td><td>5066<\/td><\/tr><tr><td>San Carlos<\/td><td>3<\/td><td>249<\/td><td>1023<\/td><\/tr><tr><td>Santa Victoria<\/td><td>14<\/td><td>378<\/td><td>1174<\/td><\/tr><tr><td><strong>TOTAL<\/strong><\/td><td><strong>709<\/strong><\/td><td><strong>53908<\/strong><\/td><td><strong>147916<\/strong><\/td><\/tr><\/tbody><\/table><\/figure>\n","protected":false},"excerpt":{"rendered":"<p>El Ministerio de Salud P\u00fablica inform\u00f3 que en las \u00faltimas 24 horas se notificaron 25 muertos, y desde el pasado lunes 24 se reportaron 117 fallecimientos por coronavirus en Salta. Tambi\u00e9n se inform\u00f3 de 709 contagios, que hay 133 pacientes internados en unidades de terapia intensiva, 70 con asistencia respiratoria mec\u00e1nica y que desde el [&hellip;]<\/p>\n","protected":false},"author":2,"featured_media":33785,"comment_status":"open","ping_status":"open","sticky":false,"template":"","format":"standard","meta":{"tdm_status":"","tdm_grid_status":"","_joinchat":[],"footnotes":""},"categories":[65],"tags":[],"class_list":{"0":"post-33784","1":"post","2":"type-post","3":"status-publish","4":"format-standard","5":"has-post-thumbnail","7":"category-coronavirus"},"amp_enabled":true,"_links":{"self":[{"href":"https:\/\/www.todoeldia.com\/index.php\/wp-json\/wp\/v2\/posts\/33784","targetHints":{"allow":["GET"]}}],"collection":[{"href":"https:\/\/www.todoeldia.com\/index.php\/wp-json\/wp\/v2\/posts"}],"about":[{"href":"https:\/\/www.todoeldia.com\/index.php\/wp-json\/wp\/v2\/types\/post"}],"author":[{"embeddable":true,"href":"https:\/\/www.todoeldia.com\/index.php\/wp-json\/wp\/v2\/users\/2"}],"replies":[{"embeddable":true,"href":"https:\/\/www.todoeldia.com\/index.php\/wp-json\/wp\/v2\/comments?post=33784"}],"version-history":[{"count":2,"href":"https:\/\/www.todoeldia.com\/index.php\/wp-json\/wp\/v2\/posts\/33784\/revisions"}],"predecessor-version":[{"id":33787,"href":"https:\/\/www.todoeldia.com\/index.php\/wp-json\/wp\/v2\/posts\/33784\/revisions\/33787"}],"wp:featuredmedia":[{"embeddable":true,"href":"https:\/\/www.todoeldia.com\/index.php\/wp-json\/wp\/v2\/media\/33785"}],"wp:attachment":[{"href":"https:\/\/www.todoeldia.com\/index.php\/wp-json\/wp\/v2\/media?parent=33784"}],"wp:term":[{"taxonomy":"category","embeddable":true,"href":"https:\/\/www.todoeldia.com\/index.php\/wp-json\/wp\/v2\/categories?post=33784"},{"taxonomy":"post_tag","embeddable":true,"href":"https:\/\/www.todoeldia.com\/index.php\/wp-json\/wp\/v2\/tags?post=33784"}],"curies":[{"name":"wp","href":"https:\/\/api.w.org\/{rel}","templated":true}]}}