{"id":33788,"date":"2022-01-29T15:33:39","date_gmt":"2022-01-29T18:33:39","guid":{"rendered":"https:\/\/www.todoeldia.com\/?p=33788"},"modified":"2022-01-29T15:33:41","modified_gmt":"2022-01-29T18:33:41","slug":"locura-total-asi-cruzan-los-bagayeros-el-rio-bermejo-en-gomones","status":"publish","type":"post","link":"https:\/\/www.todoeldia.com\/index.php\/2022\/01\/29\/locura-total-asi-cruzan-los-bagayeros-el-rio-bermejo-en-gomones\/","title":{"rendered":"Locura total: as\u00ed cruzan los bagayeros el rio Bermejo en gomones"},"content":{"rendered":"\n<p>Se habla desde la zona de frontera Aguas Blancas \u2013 Bermejo, del vuelco de un gom\u00f3n tras lo cual habr\u00edan sido arrastradas por el agua entre 4 y 7 personas.<\/p>\n\n\n\n<p>Desde la Polic\u00eda, si bien confirman una suerte de rastrillaje se realiza solamente por versiones, sin ninguna precisi\u00f3n y sin denuncias.<\/p>\n\n\n\n<figure class=\"wp-block-video\"><video height=\"426\" style=\"aspect-ratio: 228 \/ 426;\" width=\"228\" controls src=\"https:\/\/www.todoeldia.com\/wp-content\/uploads\/2022\/01\/gomones-en-el-bermejo.mp4\"><\/video><\/figure>\n\n\n\n<p>Mirta Arias Jefa de la Unidad Regional N\u00ba 2 de la Polic\u00eda de la Provincia, mencion\u00f3 que a las 17.00 horas ayer ingres\u00f3 un llamado alertando que un gom\u00f3n con cuatro personas se dio vuelta en el r\u00edo Bermejo intentando cruzar hacia Aguas Blancas, siendo la gente arrastrada por las aguas, destin\u00e1ndose inmediatamente personal para la b\u00fasqueda.<\/p>\n\n\n\n<p>En el lugar, en la localidad fronteriza de Aguas Blancas no encontraron ning\u00fan testigo ocasional que aportar\u00e1 m\u00e1s datos sobre el supuesto hecho.<\/p>\n","protected":false},"excerpt":{"rendered":"<p>Se habla desde la zona de frontera Aguas Blancas \u2013 Bermejo, del vuelco de un gom\u00f3n tras lo cual habr\u00edan sido arrastradas por el agua entre 4 y 7 personas. Desde la Polic\u00eda, si bien confirman una suerte de rastrillaje se realiza solamente por versiones, sin ninguna precisi\u00f3n y sin denuncias. Mirta Arias Jefa de [&hellip;]<\/p>\n","protected":false},"author":2,"featured_media":33790,"comment_status":"open","ping_status":"open","sticky":false,"template":"","format":"standard","meta":{"tdm_status":"","tdm_grid_status":"","_joinchat":[],"footnotes":""},"categories":[73],"tags":[],"class_list":{"0":"post-33788","1":"post","2":"type-post","3":"status-publish","4":"format-standard","5":"has-post-thumbnail","7":"category-noticias-general"},"amp_enabled":true,"_links":{"self":[{"href":"https:\/\/www.todoeldia.com\/index.php\/wp-json\/wp\/v2\/posts\/33788","targetHints":{"allow":["GET"]}}],"collection":[{"href":"https:\/\/www.todoeldia.com\/index.php\/wp-json\/wp\/v2\/posts"}],"about":[{"href":"https:\/\/www.todoeldia.com\/index.php\/wp-json\/wp\/v2\/types\/post"}],"author":[{"embeddable":true,"href":"https:\/\/www.todoeldia.com\/index.php\/wp-json\/wp\/v2\/users\/2"}],"replies":[{"embeddable":true,"href":"https:\/\/www.todoeldia.com\/index.php\/wp-json\/wp\/v2\/comments?post=33788"}],"version-history":[{"count":1,"href":"https:\/\/www.todoeldia.com\/index.php\/wp-json\/wp\/v2\/posts\/33788\/revisions"}],"predecessor-version":[{"id":33791,"href":"https:\/\/www.todoeldia.com\/index.php\/wp-json\/wp\/v2\/posts\/33788\/revisions\/33791"}],"wp:featuredmedia":[{"embeddable":true,"href":"https:\/\/www.todoeldia.com\/index.php\/wp-json\/wp\/v2\/media\/33790"}],"wp:attachment":[{"href":"https:\/\/www.todoeldia.com\/index.php\/wp-json\/wp\/v2\/media?parent=33788"}],"wp:term":[{"taxonomy":"category","embeddable":true,"href":"https:\/\/www.todoeldia.com\/index.php\/wp-json\/wp\/v2\/categories?post=33788"},{"taxonomy":"post_tag","embeddable":true,"href":"https:\/\/www.todoeldia.com\/index.php\/wp-json\/wp\/v2\/tags?post=33788"}],"curies":[{"name":"wp","href":"https:\/\/api.w.org\/{rel}","templated":true}]}}