{"id":34127,"date":"2022-02-06T19:19:38","date_gmt":"2022-02-06T22:19:38","guid":{"rendered":"https:\/\/www.todoeldia.com\/?p=34127"},"modified":"2022-02-06T19:19:40","modified_gmt":"2022-02-06T22:19:40","slug":"covid-salta-informo-7-muertes-y-266-contagios-en-las-ultimas-24-horas","status":"publish","type":"post","link":"https:\/\/www.todoeldia.com\/index.php\/2022\/02\/06\/covid-salta-informo-7-muertes-y-266-contagios-en-las-ultimas-24-horas\/","title":{"rendered":"Covid: Salta inform\u00f3 7 muertes y 266 contagios en las \u00faltimas 24 horas"},"content":{"rendered":"\n<p>El Ministerio de Salud P\u00fablica inform\u00f3 que en las \u00faltimas 24 horas se notificaron 7 muertos y 266 casos nuevos de Covid en la provincia.<\/p>\n\n\n\n<p>Hay 112 pacientes internados en unidades de terapia intensiva, 55 con asistencia respiratoria mec\u00e1nica.<\/p>\n\n\n\n<p>A la fecha, los decesos por COVID-19 en Salta suman 3207.<\/p>\n\n\n\n<p>Desde el inicio de la pandemia, en la Provincia suman 151.129 los casos confirmados.<\/p>\n\n\n\n<figure class=\"wp-block-table\"><table><tbody><tr><td><strong>Fecha: 06-02-2022 ( 13.00 hs)<\/strong><\/td><\/tr><tr><td><strong>Casos COVID-19 de residentes en la Provincia de Salta<\/strong><\/td><\/tr><tr><td><strong>Departamento<\/strong><\/td><td><strong>Casos notificados&nbsp;<\/strong><\/td><td><strong>Total de casos notificados a\u00f1o 2022<\/strong><\/td><td><strong>Total de casos notificados a\u00f1o 2021<\/strong><\/td><td><strong>Total de casos acumulados<\/strong><\/td><\/tr><tr><td>Anta<\/td><td>2<\/td><td>2034<\/td><td>3879<\/td><td>6605<\/td><\/tr><tr><td>Cachi<\/td><td>12<\/td><td>535<\/td><td>753<\/td><td>1376<\/td><\/tr><tr><td>Cafayate<\/td><td>2<\/td><td>773<\/td><td>1526<\/td><td>2881<\/td><\/tr><tr><td>Capital<\/td><td>136<\/td><td>30554<\/td><td>36390<\/td><td>77488<\/td><\/tr><tr><td>Cerrillos<\/td><td>15<\/td><td>2024<\/td><td>2308<\/td><td>5308<\/td><\/tr><tr><td>Chicoana<\/td><td>3<\/td><td>1084<\/td><td>1508<\/td><td>2912<\/td><\/tr><tr><td>Gral. G\u00fcemes<\/td><td>11<\/td><td>2067<\/td><td>1718<\/td><td>4971<\/td><\/tr><tr><td>Gral. San Mart\u00edn<\/td><td>10<\/td><td>3782<\/td><td>4738<\/td><td>10639<\/td><\/tr><tr><td>Guachipas<\/td><td>2<\/td><td>183<\/td><td>250<\/td><td>473<\/td><\/tr><tr><td>Iruya&nbsp;<\/td><td>0<\/td><td>193<\/td><td>467<\/td><td>780<\/td><\/tr><tr><td>La Caldera<\/td><td>6<\/td><td>927<\/td><td>1135<\/td><td>2305<\/td><\/tr><tr><td>La Candelaria<\/td><td>4<\/td><td>404<\/td><td>543<\/td><td>981<\/td><\/tr><tr><td>La Poma<\/td><td>0<\/td><td>91<\/td><td>72<\/td><td>198<\/td><\/tr><tr><td>La Vi\u00f1a<\/td><td>0<\/td><td>495<\/td><td>809<\/td><td>1526<\/td><\/tr><tr><td>Los Andes<\/td><td>0<\/td><td>510<\/td><td>379<\/td><td>1119<\/td><\/tr><tr><td>Met\u00e1n<\/td><td>37<\/td><td>1802<\/td><td>3478<\/td><td>5816<\/td><\/tr><tr><td>Molinos<\/td><td>2<\/td><td>323<\/td><td>593<\/td><td>983<\/td><\/tr><tr><td>Or\u00e1n<\/td><td>8<\/td><td>4845<\/td><td>4057<\/td><td>11451<\/td><\/tr><tr><td>Rivadavia<\/td><td>0<\/td><td>857<\/td><td>1352<\/td><td>2447<\/td><\/tr><tr><td>Rosario de la Frontera<\/td><td>8<\/td><td>1044<\/td><td>2212<\/td><td>3476<\/td><\/tr><tr><td>Rosario de Lerma<\/td><td>7<\/td><td>1934<\/td><td>2346<\/td><td>5164<\/td><\/tr><tr><td>San Carlos<\/td><td>0<\/td><td>263<\/td><td>614<\/td><td>1037<\/td><\/tr><tr><td>Santa Victoria<\/td><td>1<\/td><td>397<\/td><td>748<\/td><td>1193<\/td><\/tr><tr><td><strong>TOTAL<\/strong><\/td><td>266<\/td><td>57121<\/td><td><strong>71875<\/strong><\/td><td><strong>151129<\/strong><\/td><\/tr><\/tbody><\/table><\/figure>\n","protected":false},"excerpt":{"rendered":"<p>El Ministerio de Salud P\u00fablica inform\u00f3 que en las \u00faltimas 24 horas se notificaron 7 muertos y 266 casos nuevos de Covid en la provincia. Hay 112 pacientes internados en unidades de terapia intensiva, 55 con asistencia respiratoria mec\u00e1nica. A la fecha, los decesos por COVID-19 en Salta suman 3207. Desde el inicio de la [&hellip;]<\/p>\n","protected":false},"author":2,"featured_media":34128,"comment_status":"open","ping_status":"open","sticky":false,"template":"","format":"standard","meta":{"tdm_status":"","tdm_grid_status":"","_joinchat":[],"footnotes":""},"categories":[65],"tags":[],"class_list":{"0":"post-34127","1":"post","2":"type-post","3":"status-publish","4":"format-standard","5":"has-post-thumbnail","7":"category-coronavirus"},"amp_enabled":true,"_links":{"self":[{"href":"https:\/\/www.todoeldia.com\/index.php\/wp-json\/wp\/v2\/posts\/34127","targetHints":{"allow":["GET"]}}],"collection":[{"href":"https:\/\/www.todoeldia.com\/index.php\/wp-json\/wp\/v2\/posts"}],"about":[{"href":"https:\/\/www.todoeldia.com\/index.php\/wp-json\/wp\/v2\/types\/post"}],"author":[{"embeddable":true,"href":"https:\/\/www.todoeldia.com\/index.php\/wp-json\/wp\/v2\/users\/2"}],"replies":[{"embeddable":true,"href":"https:\/\/www.todoeldia.com\/index.php\/wp-json\/wp\/v2\/comments?post=34127"}],"version-history":[{"count":1,"href":"https:\/\/www.todoeldia.com\/index.php\/wp-json\/wp\/v2\/posts\/34127\/revisions"}],"predecessor-version":[{"id":34129,"href":"https:\/\/www.todoeldia.com\/index.php\/wp-json\/wp\/v2\/posts\/34127\/revisions\/34129"}],"wp:featuredmedia":[{"embeddable":true,"href":"https:\/\/www.todoeldia.com\/index.php\/wp-json\/wp\/v2\/media\/34128"}],"wp:attachment":[{"href":"https:\/\/www.todoeldia.com\/index.php\/wp-json\/wp\/v2\/media?parent=34127"}],"wp:term":[{"taxonomy":"category","embeddable":true,"href":"https:\/\/www.todoeldia.com\/index.php\/wp-json\/wp\/v2\/categories?post=34127"},{"taxonomy":"post_tag","embeddable":true,"href":"https:\/\/www.todoeldia.com\/index.php\/wp-json\/wp\/v2\/tags?post=34127"}],"curies":[{"name":"wp","href":"https:\/\/api.w.org\/{rel}","templated":true}]}}