{"id":34134,"date":"2022-02-06T20:02:17","date_gmt":"2022-02-06T23:02:17","guid":{"rendered":"https:\/\/www.todoeldia.com\/?p=34134"},"modified":"2022-02-06T20:02:18","modified_gmt":"2022-02-06T23:02:18","slug":"desde-manana-nuevos-precios-para-cortes-de-carne-en-super-y-carnicerias","status":"publish","type":"post","link":"https:\/\/www.todoeldia.com\/index.php\/2022\/02\/06\/desde-manana-nuevos-precios-para-cortes-de-carne-en-super-y-carnicerias\/","title":{"rendered":"Desde ma\u00f1ana nuevos precios para cortes de carne en super y carnicer\u00edas"},"content":{"rendered":"\n<p>Precios y cortes: cu\u00e1les son y d\u00f3nde encontrarlos<\/p>\n\n\n\n<p>El valor por kilo de corte es de $699 la tira de asado; $749 el vac\u00edo; $779 el matambre; $449 la falda; $639 la tapa de asado; $799 la nalga; y $649 la paleta.<\/p>\n\n\n\n<p>Asimismo, los consumidores podr\u00e1n comprar los cortes en m\u00e1s de 1.000 bocas de expendio que incluyen las grandes cadenas de supermercados Coto, Jumbo, Plaza Vea, Disco, Carrefour, Walmart, Changomas, La An\u00f3nima y D\u00eda, las cadenas mayoristas Vital y Makro, y carnicer\u00edas adheridas a Unica y ABC.<\/p>\n\n\n\n<figure class=\"wp-block-image size-full is-resized\"><img loading=\"lazy\" decoding=\"async\" src=\"https:\/\/www.todoeldia.com\/wp-content\/uploads\/2022\/02\/frigorifico1.jpg\" alt=\"\" class=\"wp-image-34136\" width=\"1069\" height=\"721\"\/><\/figure>\n\n\n\n<p>Los cortes que forman parte del acuerdo son los que el ministerio de Agricultura extendi\u00f3 hasta el 31 de diciembre del a\u00f1o pr\u00f3ximo la prohibici\u00f3n de su exportaci\u00f3n, salvo que provengan de la categor\u00eda vaca conserva D y E, que aqu\u00ed no tiene demanda pues es la vaca vieja que usualmente se destina a China.<\/p>\n\n\n\n<p>Comienza una nueva etapa del acuerdo de precios entre el Gobierno y los frigor\u00edficos. Ser\u00e1n siete variantes con valores controlados a partir de un acuerdo del Gobierno nacional con grandes superficies comerciales y frigor\u00edficos exportadores.<\/p>\n\n\n\n<p>Desde este lunes supermercados y un grupo de carnicer\u00edas adheridas comenzar\u00e1n a ofrecer a sus clientes siete cortes de carne \u201ca precios populares\u201d, despu\u00e9s de un acuerdo alcanzado entre el Gobierno nacional, las grandes superficies comerciales y frigor\u00edficos exportadores para sostener un programa coordinado hasta fin de a\u00f1o.<\/p>\n\n\n\n<p>El consenso con los empresarios del sector c\u00e1rnico comenzar\u00e1 a regir a partir este lunes y tendr\u00e1 vigencia durante todo 2022. En t\u00e9rminos generales, implicar\u00e1 la comercializaci\u00f3n de siete de los principales cortes de carne vacuna \u201ca precios acordados y accesibles en todo el pa\u00eds\u201d, sostuvieron desde la Secretar\u00eda de Comercio Interior.<\/p>\n\n\n\n<p>Una primera etapa del programa se extender\u00e1 desde este lunes hasta el 7 de abril pr\u00f3ximo, fecha en la que se analizar\u00e1n las condiciones de pr\u00f3rroga para el resto del a\u00f1o, y los precios del acuerdo tendr\u00e1n una pauta de aumento del 2% entre el 7 de marzo y el 7 de abril.<\/p>\n\n\n\n<p>El programa incluye los cortes m\u00e1s representativos del consumo argentino, con opciones para la parrilla, el consumo diario, como milanesas, y la cocci\u00f3n a la olla.<\/p>\n","protected":false},"excerpt":{"rendered":"<p>Precios y cortes: cu\u00e1les son y d\u00f3nde encontrarlos El valor por kilo de corte es de $699 la tira de asado; $749 el vac\u00edo; $779 el matambre; $449 la falda; $639 la tapa de asado; $799 la nalga; y $649 la paleta. Asimismo, los consumidores podr\u00e1n comprar los cortes en m\u00e1s de 1.000 bocas de [&hellip;]<\/p>\n","protected":false},"author":2,"featured_media":34135,"comment_status":"open","ping_status":"open","sticky":false,"template":"","format":"standard","meta":{"tdm_status":"","tdm_grid_status":"","_joinchat":[],"footnotes":""},"categories":[60],"tags":[],"class_list":{"0":"post-34134","1":"post","2":"type-post","3":"status-publish","4":"format-standard","5":"has-post-thumbnail","7":"category-economia"},"amp_enabled":true,"_links":{"self":[{"href":"https:\/\/www.todoeldia.com\/index.php\/wp-json\/wp\/v2\/posts\/34134","targetHints":{"allow":["GET"]}}],"collection":[{"href":"https:\/\/www.todoeldia.com\/index.php\/wp-json\/wp\/v2\/posts"}],"about":[{"href":"https:\/\/www.todoeldia.com\/index.php\/wp-json\/wp\/v2\/types\/post"}],"author":[{"embeddable":true,"href":"https:\/\/www.todoeldia.com\/index.php\/wp-json\/wp\/v2\/users\/2"}],"replies":[{"embeddable":true,"href":"https:\/\/www.todoeldia.com\/index.php\/wp-json\/wp\/v2\/comments?post=34134"}],"version-history":[{"count":1,"href":"https:\/\/www.todoeldia.com\/index.php\/wp-json\/wp\/v2\/posts\/34134\/revisions"}],"predecessor-version":[{"id":34137,"href":"https:\/\/www.todoeldia.com\/index.php\/wp-json\/wp\/v2\/posts\/34134\/revisions\/34137"}],"wp:featuredmedia":[{"embeddable":true,"href":"https:\/\/www.todoeldia.com\/index.php\/wp-json\/wp\/v2\/media\/34135"}],"wp:attachment":[{"href":"https:\/\/www.todoeldia.com\/index.php\/wp-json\/wp\/v2\/media?parent=34134"}],"wp:term":[{"taxonomy":"category","embeddable":true,"href":"https:\/\/www.todoeldia.com\/index.php\/wp-json\/wp\/v2\/categories?post=34134"},{"taxonomy":"post_tag","embeddable":true,"href":"https:\/\/www.todoeldia.com\/index.php\/wp-json\/wp\/v2\/tags?post=34134"}],"curies":[{"name":"wp","href":"https:\/\/api.w.org\/{rel}","templated":true}]}}