{"id":34138,"date":"2022-02-06T20:29:19","date_gmt":"2022-02-06T23:29:19","guid":{"rendered":"https:\/\/www.todoeldia.com\/?p=34138"},"modified":"2022-02-06T20:29:20","modified_gmt":"2022-02-06T23:29:20","slug":"droga-adulterada-sergio-berni-llamo-patetico-a-anibal-fernandez-y-crece-la-tension-en-el-gobierno","status":"publish","type":"post","link":"https:\/\/www.todoeldia.com\/index.php\/2022\/02\/06\/droga-adulterada-sergio-berni-llamo-patetico-a-anibal-fernandez-y-crece-la-tension-en-el-gobierno\/","title":{"rendered":"Droga adulterada: Sergio Berni llam\u00f3 \u201cpat\u00e9tico\u201d a An\u00edbal Fern\u00e1ndez y crece la tensi\u00f3n en el Gobierno"},"content":{"rendered":"\n<p>El ministro de Seguridad bonaerense volvi\u00f3 a criticar al titular nacional del \u00e1rea por los estupefacientes letales de Puerta 8.<\/p>\n\n\n\n<p>El ministro de Seguridad bonaerense Sergio Berni tild\u00f3 de \u201cpat\u00e9tico\u201d al titular nacional del \u00e1rea An\u00edbal Fern\u00e1ndez por el caso de la coca\u00edna adulterada y recalent\u00f3 la interna en el oficialismo por las diferencias entre ambos.<\/p>\n\n\n\n<p>Berni plante\u00f3 sobre el accionar de la Polic\u00eda bonaerense en relaci\u00f3n a la venta de coca\u00edna adulterada que provoc\u00f3 24 muertes: \u201cPermanentemente hacemos inteligencia criminal, eso nos permiti\u00f3 dar con esta banda en menos de 24 horas. Lo de An\u00edbal Fern\u00e1ndez no lo quiero comentar porque es pat\u00e9tico\u201d.<\/p>\n\n\n\n<p>Las fuertes cr\u00edticas de Berni a An\u00edbal Fern\u00e1ndez fueron despu\u00e9s de que el ministro de Seguridad de la Naci\u00f3n se refiriera a los dichos del funcionario bonaerense, que el mi\u00e9rcoles por la tarde pidi\u00f3 \u201ctirar toda la coca\u00edna comprada en el \u00faltimo d\u00eda\u201d en Puerta 8, Tres de Febrero.<\/p>\n","protected":false},"excerpt":{"rendered":"<p>El ministro de Seguridad bonaerense volvi\u00f3 a criticar al titular nacional del \u00e1rea por los estupefacientes letales de Puerta 8. El ministro de Seguridad bonaerense Sergio Berni tild\u00f3 de \u201cpat\u00e9tico\u201d al titular nacional del \u00e1rea An\u00edbal Fern\u00e1ndez por el caso de la coca\u00edna adulterada y recalent\u00f3 la interna en el oficialismo por las diferencias entre [&hellip;]<\/p>\n","protected":false},"author":2,"featured_media":34139,"comment_status":"open","ping_status":"open","sticky":false,"template":"","format":"standard","meta":{"tdm_status":"","tdm_grid_status":"","_joinchat":[],"footnotes":""},"categories":[59],"tags":[],"class_list":{"0":"post-34138","1":"post","2":"type-post","3":"status-publish","4":"format-standard","5":"has-post-thumbnail","7":"category-politica"},"amp_enabled":true,"_links":{"self":[{"href":"https:\/\/www.todoeldia.com\/index.php\/wp-json\/wp\/v2\/posts\/34138","targetHints":{"allow":["GET"]}}],"collection":[{"href":"https:\/\/www.todoeldia.com\/index.php\/wp-json\/wp\/v2\/posts"}],"about":[{"href":"https:\/\/www.todoeldia.com\/index.php\/wp-json\/wp\/v2\/types\/post"}],"author":[{"embeddable":true,"href":"https:\/\/www.todoeldia.com\/index.php\/wp-json\/wp\/v2\/users\/2"}],"replies":[{"embeddable":true,"href":"https:\/\/www.todoeldia.com\/index.php\/wp-json\/wp\/v2\/comments?post=34138"}],"version-history":[{"count":1,"href":"https:\/\/www.todoeldia.com\/index.php\/wp-json\/wp\/v2\/posts\/34138\/revisions"}],"predecessor-version":[{"id":34140,"href":"https:\/\/www.todoeldia.com\/index.php\/wp-json\/wp\/v2\/posts\/34138\/revisions\/34140"}],"wp:featuredmedia":[{"embeddable":true,"href":"https:\/\/www.todoeldia.com\/index.php\/wp-json\/wp\/v2\/media\/34139"}],"wp:attachment":[{"href":"https:\/\/www.todoeldia.com\/index.php\/wp-json\/wp\/v2\/media?parent=34138"}],"wp:term":[{"taxonomy":"category","embeddable":true,"href":"https:\/\/www.todoeldia.com\/index.php\/wp-json\/wp\/v2\/categories?post=34138"},{"taxonomy":"post_tag","embeddable":true,"href":"https:\/\/www.todoeldia.com\/index.php\/wp-json\/wp\/v2\/tags?post=34138"}],"curies":[{"name":"wp","href":"https:\/\/api.w.org\/{rel}","templated":true}]}}