{"id":34141,"date":"2022-02-06T20:41:51","date_gmt":"2022-02-06T23:41:51","guid":{"rendered":"https:\/\/www.todoeldia.com\/?p=34141"},"modified":"2022-02-06T20:41:53","modified_gmt":"2022-02-06T23:41:53","slug":"drogadiccion-y-narcotrafico-una-alerta-que-los-gobernantes-no-quisieron-escuchar-por-sergio-rubin","status":"publish","type":"post","link":"https:\/\/www.todoeldia.com\/index.php\/2022\/02\/06\/drogadiccion-y-narcotrafico-una-alerta-que-los-gobernantes-no-quisieron-escuchar-por-sergio-rubin\/","title":{"rendered":"Drogadicci\u00f3n y narcotr\u00e1fico: una alerta que los gobernantes no quisieron escuchar. Por Sergio Rubin"},"content":{"rendered":"\n<p>El Papa Francisco advirti\u00f3 sobre la \u201cmexicanizaci\u00f3n\u201d de la Argentina hace siete a\u00f1os, y los curas villeros vienen alzando la voz hace tiempo sobre el aumento del tr\u00e1fico de drogas y del consumo.<\/p>\n\n\n\n<p>\u201cOjal\u00e1 estemos a tiempo de evitar la mexicanizaci\u00f3n en la Argentina\u201d, clam\u00f3 el Papa Francisco en 2015 en referencia al avance del narcotr\u00e1fico en el pa\u00eds. Aquella advertencia lleg\u00f3 desde lo m\u00e1s alto de la Iglesia cat\u00f3lica, pero estuvo lejos de ser la primera sobre esta desgraciada problem\u00e1tica que fue realizada desde la instituci\u00f3n eclesi\u00e1stica. En rigor, hace muchos a\u00f1os que obispos y sacerdotes, especialmente los que se desempe\u00f1an en las villas, vienen alzando su voz no solo por el aumento del tr\u00e1fico de drogas, sino por el crecimiento del consumo.<\/p>\n\n\n\n<p>El caso de la coca\u00edna adulterada que provoc\u00f3 24 muertes y casi un centenar de intoxicados estremeciendo al pa\u00eds en los \u00faltimos d\u00edas -sumado a las recientes masacres en Rosario, incluido el asesinato de un beb\u00e9- pusieron sobre el tapete una dram\u00e1tica realidad que patentiz\u00f3 que las alertas desde el \u00e1mbito religioso -como tambi\u00e9n, para ser justos, de especialistas y ONGs- no fueron escuchadas por los gobernantes. Con el agravante -como apuntan los expertos- que la expansi\u00f3n del flagelo tiene etapas que hace cada vez sea hace m\u00e1s dif\u00edcil revertirlo.<\/p>\n\n\n\n<p>En una sucesi\u00f3n de pronunciamientos, los obispos acaban de se\u00f1alar la necesidad de que se atiendan todas las aristas de esta problem\u00e1tica. El primero en expresarse fue el presidente del Episcopado, el obispo de San Isidro Oscar Ojea, quien se\u00f1al\u00f3 la importancia de atacar no solo las consecuencias, sino tambi\u00e9n las causas del flagelo. En ese sentido, le pidi\u00f3 al Estado que, adem\u00e1s de ocuparse del combate al narcotr\u00e1fico, procure detener \u201cel creciente consumo\u201d de estupefacientes. Y dijo que ello es tarea de la \u201cbuena pol\u00edtica\u201d.<\/p>\n\n\n\n<p>A rengl\u00f3n seguido, monse\u00f1or Ojea expuso lo que a su juicio constituyen las razones principales del aumento del consumo: \u201cTiene que ver con falta de horizontes humanos y laborales, profundas crisis familiares, el d\u00e9ficit enorme de nuestra educaci\u00f3n, la profunda soledad y la necesidad de afecto\u201d, dijo en una sucesi\u00f3n de tuits. Lo cual revela que se est\u00e1 ante un desaf\u00edo cicl\u00f3peo que no solo involucra al Estado, sino a la sociedad, en particular a las instituciones educativas, las iglesias, las ONGs y los propios padres.<\/p>\n\n\n\n<p>Paralelamente, la Pastoral de las Adicciones del obispado de Lomas de Zamora advirti\u00f3 que la \u00faltima campa\u00f1a a nivel nacional para la prevenci\u00f3n de las adicciones se hizo hace 20 a\u00f1os. Como contrapartida, el consumo de drogas ilegales en el pa\u00eds en la poblaci\u00f3n subi\u00f3 del 3,6% al 8,3% entre 2010 y 2017 -la ingesta de coca\u00edna aument\u00f3 un 100%-, seg\u00fan un relevamiento de la Secretar\u00eda de Programaci\u00f3n para la Prevenci\u00f3n de la Drogadicci\u00f3n y la Lucha contra el Narcotr\u00e1fico (Sedronar).<\/p>\n\n\n\n<p>Por otra parte, la venta ilegal de droga a cielo abierto, la supuesta complicidad policial con el hallazgo de dinero para el pago de coimas y la repentina captura de un pr\u00f3fugo que enmarc\u00f3 el episodio de la coca\u00edna adulterada actualiz\u00f3 la sospecha de corrupci\u00f3n en estamentos del Estado. Por eso, la docena de obispos de la regi\u00f3n metropolitana salieron a pedirle al Gobierno que \u201cse ocupe de ir detr\u00e1s de los mecanismos de corrupci\u00f3n en todos los niveles\u201d que favorecen el narcotr\u00e1fico.<\/p>\n\n\n\n<p>Los obispos tambi\u00e9n fueron al cruce de quienes recomiendan la legalizaci\u00f3n de las drogas como forma de contrarrestar el flagelo. \u201cLa despenalizaci\u00f3n del consumo, la legalizaci\u00f3n de las sustancias, solo traer\u00e1 m\u00e1s consumo y marginalidad. Seguramente se instalar\u00e1 en la sociedad que las drogas legales no hacen da\u00f1o: las drogas matan siempre\u201d, consideraron. Por cierto, hace a\u00f1os que los curas villeros advirtieron que la droga esta \u201cdespenalizada de hecho en las villas\u201d.<\/p>\n\n\n\n<p>Finalmente, los obispos consideran que es necesario que se sancione \u201ccuanto antes\u201d una Ley de Emergencia de las Adicciones que afronte de manera integral el problema del consumo y, en particular, permita contar con lugares y recursos para la recuperaci\u00f3n de los adictos, hoy claramente insuficientes. La Iglesia cat\u00f3lica cuenta con centros de rehabilitaci\u00f3n como los Hogares de Cristo, al igual que los evang\u00e9licos con iniciativas como el Programa Vida.<\/p>\n\n\n\n<p>Para los expertos, los altos niveles de pobreza que tiene el pa\u00eds sostenidos en el tiempo y que abren paso a la marginalidad ofrecen un marco propicio para que el flagelo siga creciendo vigorosamente. El presidente de la Corte Suprema, Horacio Rosatti, advirti\u00f3 d\u00edas pasados que el narcotr\u00e1fico ser\u00e1 \u201cel problema m\u00e1s importante de la Argentina dentro de tres o cuatro a\u00f1os\u201d. La Iglesia avis\u00f3 hace rato.<\/p>\n","protected":false},"excerpt":{"rendered":"<p>El Papa Francisco advirti\u00f3 sobre la \u201cmexicanizaci\u00f3n\u201d de la Argentina hace siete a\u00f1os, y los curas villeros vienen alzando la voz hace tiempo sobre el aumento del tr\u00e1fico de drogas y del consumo. \u201cOjal\u00e1 estemos a tiempo de evitar la mexicanizaci\u00f3n en la Argentina\u201d, clam\u00f3 el Papa Francisco en 2015 en referencia al avance del [&hellip;]<\/p>\n","protected":false},"author":2,"featured_media":34142,"comment_status":"open","ping_status":"open","sticky":false,"template":"","format":"standard","meta":{"tdm_status":"","tdm_grid_status":"","_joinchat":[],"footnotes":""},"categories":[71],"tags":[],"class_list":{"0":"post-34141","1":"post","2":"type-post","3":"status-publish","4":"format-standard","5":"has-post-thumbnail","7":"category-columnistas"},"amp_enabled":true,"_links":{"self":[{"href":"https:\/\/www.todoeldia.com\/index.php\/wp-json\/wp\/v2\/posts\/34141","targetHints":{"allow":["GET"]}}],"collection":[{"href":"https:\/\/www.todoeldia.com\/index.php\/wp-json\/wp\/v2\/posts"}],"about":[{"href":"https:\/\/www.todoeldia.com\/index.php\/wp-json\/wp\/v2\/types\/post"}],"author":[{"embeddable":true,"href":"https:\/\/www.todoeldia.com\/index.php\/wp-json\/wp\/v2\/users\/2"}],"replies":[{"embeddable":true,"href":"https:\/\/www.todoeldia.com\/index.php\/wp-json\/wp\/v2\/comments?post=34141"}],"version-history":[{"count":1,"href":"https:\/\/www.todoeldia.com\/index.php\/wp-json\/wp\/v2\/posts\/34141\/revisions"}],"predecessor-version":[{"id":34143,"href":"https:\/\/www.todoeldia.com\/index.php\/wp-json\/wp\/v2\/posts\/34141\/revisions\/34143"}],"wp:featuredmedia":[{"embeddable":true,"href":"https:\/\/www.todoeldia.com\/index.php\/wp-json\/wp\/v2\/media\/34142"}],"wp:attachment":[{"href":"https:\/\/www.todoeldia.com\/index.php\/wp-json\/wp\/v2\/media?parent=34141"}],"wp:term":[{"taxonomy":"category","embeddable":true,"href":"https:\/\/www.todoeldia.com\/index.php\/wp-json\/wp\/v2\/categories?post=34141"},{"taxonomy":"post_tag","embeddable":true,"href":"https:\/\/www.todoeldia.com\/index.php\/wp-json\/wp\/v2\/tags?post=34141"}],"curies":[{"name":"wp","href":"https:\/\/api.w.org\/{rel}","templated":true}]}}