{"id":34163,"date":"2022-02-07T14:33:40","date_gmt":"2022-02-07T17:33:40","guid":{"rendered":"https:\/\/www.todoeldia.com\/?p=34163"},"modified":"2022-02-07T17:56:33","modified_gmt":"2022-02-07T20:56:33","slug":"en-salta-comenzo-la-vacunacion-contra-covid-19-en-farmacias-privadas","status":"publish","type":"post","link":"https:\/\/www.todoeldia.com\/index.php\/2022\/02\/07\/en-salta-comenzo-la-vacunacion-contra-covid-19-en-farmacias-privadas\/","title":{"rendered":"En Salta comenz\u00f3 la vacunaci\u00f3n contra COVID-19 en farmacias privadas"},"content":{"rendered":"\n<p>Se habilit\u00f3 un n\u00famero telef\u00f3nico para el otorgamiento de los turnos. Inicialmente, la campa\u00f1a estar\u00e1 operativa en 9 locales de la Capital. El ministro Esteban insta a completar el esquema con la tercera dosis.<\/p>\n\n\n\n<p>En Salta comenz\u00f3 la vacunaci\u00f3n contra COVID-19 en farmacias privadas<\/p>\n\n\n\n<p>En la ciudad de Salta, a partir de hoy, las personas mayores de 3 a\u00f1os podr\u00e1n aplicarse la vacuna contra COVID-19 en forma gratuita en nueve farmacias privadas, en virtud de un convenio de colaboraci\u00f3n firmado entre el Ministerio de Salud P\u00fablica y la C\u00e1mara de Propietarios de Farmacias de Salta.<\/p>\n\n\n\n<p>Para solicitar turno para la vacunaci\u00f3n, se deber\u00e1 llamar o enviar un mensaje de Whatsapp al n\u00famero 3876843092. Esta l\u00ednea telef\u00f3nica es la \u00fanica habilitada para centralizar el otorgamiento de turnos y brindar asesoramiento sobre la vacunaci\u00f3n.<\/p>\n\n\n\n<p>Las primeras farmacias capitalinas que adhieren a este convenio son las siguientes:<\/p>\n\n\n\n<p>\u00b7CALCHAQUI. Leguizam\u00f3n esquina Alvear<\/p>\n\n\n\n<p>\u00b7FARMAVITAE. Avenida Belgrano 1261<\/p>\n\n\n\n<p>\u00b7FARMACENTER. Juan Domingo Per\u00f3n 2365<\/p>\n\n\n\n<p>\u00b7INTEGRAL. Avenida del Bicentenario 23<\/p>\n\n\n\n<p>\u00b7PARACELSO. Vicente L\u00f3pez 1108<\/p>\n\n\n\n<p>\u00b7SAN FRANCISCO. De\u00e1n Funes 596<\/p>\n\n\n\n<p>\u00b7SAN FRANCISCO. Juan Domingo Per\u00f3n 2983<\/p>\n\n\n\n<p>\u00b7SAN FRANCISCO. Diego Zavaleta 496 Barrio Lamadrid, frente a Av. Bolivia<\/p>\n\n\n\n<p>\u00b7SUDAMERICANA. Alberdi esquina Alvarado.<\/p>\n","protected":false},"excerpt":{"rendered":"<p>Se habilit\u00f3 un n\u00famero telef\u00f3nico para el otorgamiento de los turnos. Inicialmente, la campa\u00f1a estar\u00e1 operativa en 9 locales de la Capital. El ministro Esteban insta a completar el esquema con la tercera dosis. En Salta comenz\u00f3 la vacunaci\u00f3n contra COVID-19 en farmacias privadas En la ciudad de Salta, a partir de hoy, las personas [&hellip;]<\/p>\n","protected":false},"author":2,"featured_media":34164,"comment_status":"open","ping_status":"open","sticky":false,"template":"","format":"standard","meta":{"tdm_status":"","tdm_grid_status":"","_joinchat":[],"footnotes":""},"categories":[65],"tags":[],"class_list":{"0":"post-34163","1":"post","2":"type-post","3":"status-publish","4":"format-standard","5":"has-post-thumbnail","7":"category-coronavirus"},"amp_enabled":true,"_links":{"self":[{"href":"https:\/\/www.todoeldia.com\/index.php\/wp-json\/wp\/v2\/posts\/34163","targetHints":{"allow":["GET"]}}],"collection":[{"href":"https:\/\/www.todoeldia.com\/index.php\/wp-json\/wp\/v2\/posts"}],"about":[{"href":"https:\/\/www.todoeldia.com\/index.php\/wp-json\/wp\/v2\/types\/post"}],"author":[{"embeddable":true,"href":"https:\/\/www.todoeldia.com\/index.php\/wp-json\/wp\/v2\/users\/2"}],"replies":[{"embeddable":true,"href":"https:\/\/www.todoeldia.com\/index.php\/wp-json\/wp\/v2\/comments?post=34163"}],"version-history":[{"count":3,"href":"https:\/\/www.todoeldia.com\/index.php\/wp-json\/wp\/v2\/posts\/34163\/revisions"}],"predecessor-version":[{"id":34167,"href":"https:\/\/www.todoeldia.com\/index.php\/wp-json\/wp\/v2\/posts\/34163\/revisions\/34167"}],"wp:featuredmedia":[{"embeddable":true,"href":"https:\/\/www.todoeldia.com\/index.php\/wp-json\/wp\/v2\/media\/34164"}],"wp:attachment":[{"href":"https:\/\/www.todoeldia.com\/index.php\/wp-json\/wp\/v2\/media?parent=34163"}],"wp:term":[{"taxonomy":"category","embeddable":true,"href":"https:\/\/www.todoeldia.com\/index.php\/wp-json\/wp\/v2\/categories?post=34163"},{"taxonomy":"post_tag","embeddable":true,"href":"https:\/\/www.todoeldia.com\/index.php\/wp-json\/wp\/v2\/tags?post=34163"}],"curies":[{"name":"wp","href":"https:\/\/api.w.org\/{rel}","templated":true}]}}