{"id":34172,"date":"2022-02-07T18:20:00","date_gmt":"2022-02-07T21:20:00","guid":{"rendered":"https:\/\/www.todoeldia.com\/?p=34172"},"modified":"2022-02-07T18:37:10","modified_gmt":"2022-02-07T21:37:10","slug":"detuvieron-a-un-hombre-acusado-de-abusar-de-su-hija-embarazarla-y-matar-luego-a-su-bebe","status":"publish","type":"post","link":"https:\/\/www.todoeldia.com\/index.php\/2022\/02\/07\/detuvieron-a-un-hombre-acusado-de-abusar-de-su-hija-embarazarla-y-matar-luego-a-su-bebe\/","title":{"rendered":"Detuvieron a un hombre acusado de abusar de su hija, embarazarla y matar luego a su beb\u00e9"},"content":{"rendered":"\n<p>Ocurri\u00f3 en la localidad de Del Viso. La joven ten\u00eda retraso madurativo. El hombre de 70 a\u00f1os fue detenido en el barrio porte\u00f1o de Floresta. Un testigo alert\u00f3 a la polic\u00eda del macabro hecho.\u00a0\u00a0\u00a0 \u00a0\u00a0\u00a0\u00a0\u00a0\u00a0\u00a0\u00a0\u00a0\u00a0\u00a0\u00a0\u00a0\u00a0\u00a0\u00a0\u00a0\u00a0\u00a0\u00a0\u00a0\u00a0\u00a0\u00a0\u00a0\u00a0\u00a0\u00a0\u00a0\u00a0\u00a0\u00a0\u00a0\u00a0\u00a0\u00a0\u00a0\u00a0\u00a0\u00a0\u00a0\u00a0\u00a0\u00a0\u00a0\u00a0\u00a0\u00a0\u00a0\u00a0\u00a0\u00a0\u00a0\u00a0\u00a0\u00a0\u00a0\u00a0\u00a0\u00a0\u00a0\u00a0\u00a0\u00a0\u00a0\u00a0\u00a0\u00a0\u00a0\u00a0\u00a0\u00a0\u00a0\u00a0\u00a0\u00a0\u00a0\u00a0\u00a0\u00a0\u00a0\u00a0\u00a0\u00a0\u00a0\u00a0\u00a0\u00a0\u00a0\u00a0\u00a0\u00a0\u00a0\u00a0\u00a0\u00a0\u00a0\u00a0\u00a0\u00a0\u00a0\u00a0\u00a0\u00a0\u00a0\u00a0\u00a0\u00a0\u00a0\u00a0\u00a0\u00a0\u00a0\u00a0\u00a0\u00a0\u00a0\u00a0\u00a0\u00a0\u00a0\u00a0\u00a0\u00a0\u00a0\u00a0\u00a0\u00a0\u00a0\u00a0\u00a0\u00a0\u00a0\u00a0\u00a0\u00a0\u00a0\u00a0\u00a0\u00a0\u00a0\u00a0\u00a0\u00a0\u00a0\u00a0\u00a0\u00a0\u00a0\u00a0\u00a0\u00a0\u00a0\u00a0\u00a0\u00a0\u00a0\u00a0\u00a0\u00a0\u00a0\u00a0\u00a0\u00a0\u00a0\u00a0\u00a0\u00a0\u00a0\u00a0\u00a0\u00a0\u00a0\u00a0\u00a0\u00a0\u00a0\u00a0\u00a0\u00a0\u00a0\u00a0\u00a0\u00a0\u00a0\u00a0\u00a0\u00a0\u00a0\u00a0<\/p>\n\n\n\n<p>El cuerpo de un beb\u00e9 reci\u00e9n nacido fue encontrado enterrado en el patio de una casa de la localidad bonaerense de Del Viso. Por el crimen fue detenido el abuelo materno de la v\u00edctima, que hab\u00eda abusado sexualmente reiteradas veces de su hija.<\/p>\n\n\n\n<p>El hallazgo se produjo luego de que un testigo diera aviso a la polic\u00eda el s\u00e1bado pasado. Cuando fueron al domicilio el abusador no se encontraba en el lugar, pero lograron detenerlo horas despu\u00e9s.<\/p>\n\n\n\n<p>Fuentes policiales informaron que el s\u00e1bado pasado recibieron un llamado que indicaba que en la vivienda situada en la calle Capdevilla al 7000 en el partido de Pilar habr\u00eda un beb\u00e9 enterrado. Por eso se decidi\u00f3 que personal de la Subdelegaci\u00f3n Departamental de Investigaciones de Pilar se presente para allanar ese predio.<\/p>\n\n\n\n<p>All\u00ed viv\u00eda la madre del beb\u00e9, una joven de 21 a\u00f1os que padece una disminuci\u00f3n motriz y retraso madurativo, y resid\u00eda junto a su padre de 70 a\u00f1os. Ninguno se encontraba al momento del arribo de la Polic\u00eda.<\/p>\n\n\n\n<figure class=\"wp-block-image is-resized\"><img loading=\"lazy\" decoding=\"async\" src=\"https:\/\/tn.com.ar\/resizer\/yacwm0SEXHv3_W1RMSn2SI8kHKY=\/767x0\/smart\/filters:quality(60)\/cloudfront-us-east-1.images.arcpublishing.com\/artear\/IATA2SQWYBC7ZCZWGZED6QYIIQ.jpg\" alt=\"Esa es la vivienda donde efectivos policiales encontraron al beb\u00e9 enterrado, en la localidad bonaerense de Del Viso. (Foto: Gentileza Diario de Cuyo)\" width=\"900\" height=\"498\"\/><figcaption>Esa es la vivienda donde efectivos policiales encontraron al beb\u00e9 enterrado, en la localidad bonaerense de Del Viso<\/figcaption><\/figure>\n\n\n\n<p>Seg\u00fan lo que trascendi\u00f3, un testigo declar\u00f3 que vio al hombre mayor colocar al beb\u00e9 en una bolsa y enterrarlo en el fondo del patio y luego abandon\u00f3 la casa junto a su hija. En funci\u00f3n de estos datos, efectivos de la Polic\u00eda Cient\u00edfica y de Bomberos de Pilar exhumaron el cad\u00e1ver del beb\u00e9.<\/p>\n\n\n\n<p>Se cree que antes de ser enterrado, el reci\u00e9n nacido sufri\u00f3 una asfixia mec\u00e1nica.<\/p>\n\n\n\n<p>Los efectivos localizaron al hombre de 70 a\u00f1os en una zona del barrio porte\u00f1o de Floresta y lo detuvieron cuando llegaba a un domicilio de la calle Gualeguaych\u00fa al 1200. El sospechoso se encontraba junto a su hija, quien recibi\u00f3 atenci\u00f3n m\u00e9dica.<\/p>\n\n\n\n<p>Le\u00e9 tambi\u00e9n: Una mujer acusada de matar a su beb\u00e9 pidi\u00f3 que le bajen la fianza para salir de la c\u00e1rcel<\/p>\n\n\n\n<p>A la joven la internaron en el Hospital Sanguinetti de Pilar, donde certificaron que el abuso sexual que sufr\u00eda por parte de su padre era habitual y sospechan que el anciano hab\u00eda tratado de ocultar p\u00fablicamente el embarazo de su hija.<\/p>\n","protected":false},"excerpt":{"rendered":"<p>Ocurri\u00f3 en la localidad de Del Viso. La joven ten\u00eda retraso madurativo. El hombre de 70 a\u00f1os fue detenido en el barrio porte\u00f1o de Floresta. Un testigo alert\u00f3 a la polic\u00eda del macabro hecho.\u00a0\u00a0\u00a0 \u00a0\u00a0\u00a0\u00a0\u00a0\u00a0\u00a0\u00a0\u00a0\u00a0\u00a0\u00a0\u00a0\u00a0\u00a0\u00a0\u00a0\u00a0\u00a0\u00a0\u00a0\u00a0\u00a0\u00a0\u00a0\u00a0\u00a0\u00a0\u00a0\u00a0\u00a0\u00a0\u00a0\u00a0\u00a0\u00a0\u00a0\u00a0\u00a0\u00a0\u00a0\u00a0\u00a0\u00a0\u00a0\u00a0\u00a0\u00a0\u00a0\u00a0\u00a0\u00a0\u00a0\u00a0\u00a0\u00a0\u00a0\u00a0\u00a0\u00a0\u00a0\u00a0\u00a0\u00a0\u00a0\u00a0\u00a0\u00a0\u00a0\u00a0\u00a0\u00a0\u00a0\u00a0\u00a0\u00a0\u00a0\u00a0\u00a0\u00a0\u00a0\u00a0\u00a0\u00a0\u00a0\u00a0\u00a0\u00a0\u00a0\u00a0\u00a0\u00a0\u00a0\u00a0\u00a0\u00a0\u00a0\u00a0\u00a0\u00a0\u00a0\u00a0\u00a0\u00a0\u00a0\u00a0\u00a0\u00a0\u00a0\u00a0\u00a0\u00a0\u00a0\u00a0\u00a0\u00a0\u00a0\u00a0\u00a0\u00a0\u00a0\u00a0\u00a0\u00a0\u00a0\u00a0\u00a0\u00a0\u00a0\u00a0\u00a0\u00a0\u00a0\u00a0\u00a0\u00a0\u00a0\u00a0\u00a0\u00a0\u00a0\u00a0\u00a0\u00a0\u00a0\u00a0\u00a0\u00a0\u00a0\u00a0\u00a0\u00a0\u00a0\u00a0\u00a0\u00a0\u00a0\u00a0\u00a0\u00a0\u00a0\u00a0\u00a0\u00a0\u00a0\u00a0\u00a0\u00a0\u00a0\u00a0\u00a0\u00a0\u00a0\u00a0\u00a0\u00a0\u00a0\u00a0\u00a0\u00a0\u00a0\u00a0\u00a0\u00a0\u00a0\u00a0\u00a0\u00a0\u00a0\u00a0 El cuerpo de un beb\u00e9 reci\u00e9n nacido fue encontrado enterrado en el patio de una casa de la localidad bonaerense [&hellip;]<\/p>\n","protected":false},"author":2,"featured_media":34173,"comment_status":"open","ping_status":"open","sticky":false,"template":"","format":"standard","meta":{"tdm_status":"","tdm_grid_status":"","_joinchat":[],"footnotes":""},"categories":[73],"tags":[],"class_list":{"0":"post-34172","1":"post","2":"type-post","3":"status-publish","4":"format-standard","5":"has-post-thumbnail","7":"category-noticias-general"},"amp_enabled":true,"_links":{"self":[{"href":"https:\/\/www.todoeldia.com\/index.php\/wp-json\/wp\/v2\/posts\/34172","targetHints":{"allow":["GET"]}}],"collection":[{"href":"https:\/\/www.todoeldia.com\/index.php\/wp-json\/wp\/v2\/posts"}],"about":[{"href":"https:\/\/www.todoeldia.com\/index.php\/wp-json\/wp\/v2\/types\/post"}],"author":[{"embeddable":true,"href":"https:\/\/www.todoeldia.com\/index.php\/wp-json\/wp\/v2\/users\/2"}],"replies":[{"embeddable":true,"href":"https:\/\/www.todoeldia.com\/index.php\/wp-json\/wp\/v2\/comments?post=34172"}],"version-history":[{"count":1,"href":"https:\/\/www.todoeldia.com\/index.php\/wp-json\/wp\/v2\/posts\/34172\/revisions"}],"predecessor-version":[{"id":34174,"href":"https:\/\/www.todoeldia.com\/index.php\/wp-json\/wp\/v2\/posts\/34172\/revisions\/34174"}],"wp:featuredmedia":[{"embeddable":true,"href":"https:\/\/www.todoeldia.com\/index.php\/wp-json\/wp\/v2\/media\/34173"}],"wp:attachment":[{"href":"https:\/\/www.todoeldia.com\/index.php\/wp-json\/wp\/v2\/media?parent=34172"}],"wp:term":[{"taxonomy":"category","embeddable":true,"href":"https:\/\/www.todoeldia.com\/index.php\/wp-json\/wp\/v2\/categories?post=34172"},{"taxonomy":"post_tag","embeddable":true,"href":"https:\/\/www.todoeldia.com\/index.php\/wp-json\/wp\/v2\/tags?post=34172"}],"curies":[{"name":"wp","href":"https:\/\/api.w.org\/{rel}","templated":true}]}}