{"id":34199,"date":"2022-02-07T21:40:29","date_gmt":"2022-02-08T00:40:29","guid":{"rendered":"https:\/\/www.todoeldia.com\/?p=34199"},"modified":"2022-02-07T21:40:31","modified_gmt":"2022-02-08T00:40:31","slug":"obreros-paralizan-la-cosecha-de-uvas-en-el-valle-calchaqui","status":"publish","type":"post","link":"https:\/\/www.todoeldia.com\/index.php\/2022\/02\/07\/obreros-paralizan-la-cosecha-de-uvas-en-el-valle-calchaqui\/","title":{"rendered":"Obreros paralizan la cosecha de uvas en el Valle Calchaqu\u00ed"},"content":{"rendered":"\n<p>Nelson L\u00f3pez, secretario general del Sindicato de Obreros y Empleados Vitivin\u00edcolas, anticip\u00f3 a Nuevo Diario que sino tienen respuesta desde ma\u00f1ana har\u00e1n un paro porque las bodegas del Valle Calchaqu\u00ed se niegan al pedido de aumento para cosecheros. Piden $74 por cada tacho de Uva que se coseche.<\/p>\n\n\n\n<p>El gremialista dijo que la medida de fuerza se har\u00e1 efectiva ma\u00f1ana si persiste la negativa de las Bodegas Salta a negociar una suba haberes en plena \u00e9poca de cosecha de uva.<\/p>\n\n\n\n<p>Se decidi\u00f3 el paro luego de una reuni\u00f3n del gremio con Roberto Thomann, presidente de Bodegas Salta quien le ratific\u00f3 que no habr\u00e1 arreglo porque consideran que los costos han subido con la inflaci\u00f3n del a\u00f1o pasado y este a\u00f1o con la suba de las naftas.<\/p>\n\n\n\n<p>&#8220;En principio nosotros hemos pedido $82, pero hemos bajado varios puntos. Ya tengo un mandato de toda la asamblea de trabajadores cosecheros y delegados de distintas empresas y puedo bajar hasta $74, el tacho de una, menos de eso no vamos a bajar&#8221;, asever\u00f3.<\/p>\n\n\n\n<p>L\u00f3pez adivirti\u00f3 que si ellos van con esa misma postura hoy a la reuni\u00f3n de la Secretar\u00eda de Trabajo a las 14, no van a participar y directamente ir\u00e1n al paro en plena cosecha y con manifestaci\u00f3n.<\/p>\n\n\n\n<p>La diferencia son 4 pesos<\/p>\n\n\n\n<p>Desde la directiva de Bodega Salta les no les dieron ningun argumento v\u00e1lido como rechazo al pedido de aumento y la negociaci\u00f3n est\u00e1 estancada por 4 pesos.<\/p>\n\n\n\n<p>&#8220;Solamente han tirado lo que hubo de inflaci\u00f3n este a\u00f1o. Tenemos que partir porque el a\u00f1o pasado qued\u00f3 en $45 de bolsillo y ahora necesitamos $74 de bolsillo para el trabajador y no lo quieren pagar. Elloos se acaban de estancar en $70, dicen que no pueden subir mas mas que eso&#8221;, cont\u00f3.<\/p>\n\n\n\n<p>Los cosecheros se encuentran en una \u00e9poca de mayor trascendencia o mayor agrupaci\u00f3n de gente, donde la cosecha de uva es la que ocupa m\u00e1s gente. Son unos 2.500 cosecheros en todo el Valle Calchaqu\u00ed, desde Payogasta, Cachi, Angastaco, San Carlos, Animan\u00e1, Cafayate hasta la ciudad de Santa Maria.<\/p>\n\n\n\n<p>Los trabajadores vitivin\u00edcolas saben que esta tarde en la reuni\u00f3n en la Secretar\u00eda de Trabajo los integrantes de la Bodega Salta tienen una postura negativa al pedido de $74, porque L\u00f3pez viene de tener una reuni\u00f3n de mesa chica con el presidente de esa entidad que ya les anticip\u00f3 que su postura ser\u00e1 mantenerse en $70.<\/p>\n\n\n\n<p>Manifestaci\u00f3n y cortes de ruta<\/p>\n\n\n\n<p>Los trabajadores adelantaron podr\u00edan hacer cortes de ruta, que primero ir\u00e1n al paro, y luego en una asamblea que tendr\u00e1 a partir de ma\u00f1ana analizar\u00e1n como endurecer\u00e1n sus reclamos.<\/p>\n\n\n\n<p>Sobre alguna ayuda o intermediaci\u00f3n de intendentes de la regi\u00f3n, L\u00f3pez sostuvo que &#8220;ninguno ha preguntado nada. Todos est\u00e1n con sus eventos municipales, departamentales, muy ocupados con ese tema; as\u00ed que bueno nosotros vamos a salir visibilizar la medida por todos lados con el paro a partir de las 00.00 horas de ma\u00f1ana&#8221;.<\/p>\n\n\n\n<p>Luego ratific\u00f3 que, &#8220;van a plasmar todo esta gesti\u00f3n en actas y se notificar\u00e1 a Bodega Salta y a todo el Valle Calchaqu\u00ed&#8221;. y que &#8220;nadie va a cosechar a partir de ma\u00f1ana o dentro de las 48 horas que son legales, para darles el tiempo suficiente y empecemos a contar que en 48 horas empiezan las medidas de fuerza&#8221;, concluy\u00f3 L\u00f3pez.<\/p>\n","protected":false},"excerpt":{"rendered":"<p>Nelson L\u00f3pez, secretario general del Sindicato de Obreros y Empleados Vitivin\u00edcolas, anticip\u00f3 a Nuevo Diario que sino tienen respuesta desde ma\u00f1ana har\u00e1n un paro porque las bodegas del Valle Calchaqu\u00ed se niegan al pedido de aumento para cosecheros. Piden $74 por cada tacho de Uva que se coseche. El gremialista dijo que la medida de [&hellip;]<\/p>\n","protected":false},"author":2,"featured_media":34200,"comment_status":"open","ping_status":"open","sticky":false,"template":"","format":"standard","meta":{"tdm_status":"","tdm_grid_status":"","_joinchat":[],"footnotes":""},"categories":[73],"tags":[],"class_list":{"0":"post-34199","1":"post","2":"type-post","3":"status-publish","4":"format-standard","5":"has-post-thumbnail","7":"category-noticias-general"},"amp_enabled":true,"_links":{"self":[{"href":"https:\/\/www.todoeldia.com\/index.php\/wp-json\/wp\/v2\/posts\/34199","targetHints":{"allow":["GET"]}}],"collection":[{"href":"https:\/\/www.todoeldia.com\/index.php\/wp-json\/wp\/v2\/posts"}],"about":[{"href":"https:\/\/www.todoeldia.com\/index.php\/wp-json\/wp\/v2\/types\/post"}],"author":[{"embeddable":true,"href":"https:\/\/www.todoeldia.com\/index.php\/wp-json\/wp\/v2\/users\/2"}],"replies":[{"embeddable":true,"href":"https:\/\/www.todoeldia.com\/index.php\/wp-json\/wp\/v2\/comments?post=34199"}],"version-history":[{"count":1,"href":"https:\/\/www.todoeldia.com\/index.php\/wp-json\/wp\/v2\/posts\/34199\/revisions"}],"predecessor-version":[{"id":34201,"href":"https:\/\/www.todoeldia.com\/index.php\/wp-json\/wp\/v2\/posts\/34199\/revisions\/34201"}],"wp:featuredmedia":[{"embeddable":true,"href":"https:\/\/www.todoeldia.com\/index.php\/wp-json\/wp\/v2\/media\/34200"}],"wp:attachment":[{"href":"https:\/\/www.todoeldia.com\/index.php\/wp-json\/wp\/v2\/media?parent=34199"}],"wp:term":[{"taxonomy":"category","embeddable":true,"href":"https:\/\/www.todoeldia.com\/index.php\/wp-json\/wp\/v2\/categories?post=34199"},{"taxonomy":"post_tag","embeddable":true,"href":"https:\/\/www.todoeldia.com\/index.php\/wp-json\/wp\/v2\/tags?post=34199"}],"curies":[{"name":"wp","href":"https:\/\/api.w.org\/{rel}","templated":true}]}}