{"id":34261,"date":"2022-02-09T23:54:04","date_gmt":"2022-02-10T02:54:04","guid":{"rendered":"https:\/\/www.todoeldia.com\/?p=34261"},"modified":"2022-02-09T23:54:05","modified_gmt":"2022-02-10T02:54:05","slug":"peligro-tabacaleros-en-ruta","status":"publish","type":"post","link":"https:\/\/www.todoeldia.com\/index.php\/2022\/02\/09\/peligro-tabacaleros-en-ruta\/","title":{"rendered":"Peligro: tabacaleros en ruta"},"content":{"rendered":"\n<p>Esta madrugada efectivos de Sub Comisar\u00eda El Bordo trabajaron en un siniestro ocurrido sobre ruta Provincial N\u00b012, donde un hombre y una mujer perdieron la vida luego de protagonizar un siniestro vial.<\/p>\n\n\n\n<p>Seg\u00fan las primeras versiones el veh\u00edculo que transportaba tabaco no llevaba las luces correspondientes en el acoplado raz\u00f3n por la cual el veh\u00edculo que circulaba por detr\u00e1s se lo llev\u00f3 puesto causando la muerte delos dos ocupantes.<\/p>\n\n\n\n<p>Minutos antes de las 2 de la madrugada, un llamado al Sistema de Emergencias 911 alerto sobre un siniestro vial ocurrido en ruta Provincial N\u00b0 12. De inmediato se desplazaron recursos al lugar, constatando que el hecho hab\u00eda sido protagonizado por un autom\u00f3vil y un tractor con cuatro acoplados conducido por un hombre de 51 a\u00f1os.<\/p>\n\n\n\n<p>Ambos veh\u00edculos se desplazaban en el mismo sentido, cuando por motivos que se buscan establecer el autom\u00f3vil, en el que circulaban un hombre y una mujer, colision\u00f3 desde atr\u00e1s con uno de los acoplados del veh\u00edculo rural.<\/p>\n\n\n\n<p>Profesionales de la salud confirmaron que producto de las lesiones sufridas por el impacto, el hombre de 35 a\u00f1os y la mujer de 26, perdieron la vida en el lugar.<\/p>\n","protected":false},"excerpt":{"rendered":"<p>Esta madrugada efectivos de Sub Comisar\u00eda El Bordo trabajaron en un siniestro ocurrido sobre ruta Provincial N\u00b012, donde un hombre y una mujer perdieron la vida luego de protagonizar un siniestro vial. Seg\u00fan las primeras versiones el veh\u00edculo que transportaba tabaco no llevaba las luces correspondientes en el acoplado raz\u00f3n por la cual el veh\u00edculo [&hellip;]<\/p>\n","protected":false},"author":2,"featured_media":34262,"comment_status":"open","ping_status":"open","sticky":false,"template":"","format":"standard","meta":{"tdm_status":"","tdm_grid_status":"","_joinchat":[],"footnotes":""},"categories":[63],"tags":[],"class_list":{"0":"post-34261","1":"post","2":"type-post","3":"status-publish","4":"format-standard","5":"has-post-thumbnail","7":"category-policiales"},"amp_enabled":true,"_links":{"self":[{"href":"https:\/\/www.todoeldia.com\/index.php\/wp-json\/wp\/v2\/posts\/34261","targetHints":{"allow":["GET"]}}],"collection":[{"href":"https:\/\/www.todoeldia.com\/index.php\/wp-json\/wp\/v2\/posts"}],"about":[{"href":"https:\/\/www.todoeldia.com\/index.php\/wp-json\/wp\/v2\/types\/post"}],"author":[{"embeddable":true,"href":"https:\/\/www.todoeldia.com\/index.php\/wp-json\/wp\/v2\/users\/2"}],"replies":[{"embeddable":true,"href":"https:\/\/www.todoeldia.com\/index.php\/wp-json\/wp\/v2\/comments?post=34261"}],"version-history":[{"count":1,"href":"https:\/\/www.todoeldia.com\/index.php\/wp-json\/wp\/v2\/posts\/34261\/revisions"}],"predecessor-version":[{"id":34263,"href":"https:\/\/www.todoeldia.com\/index.php\/wp-json\/wp\/v2\/posts\/34261\/revisions\/34263"}],"wp:featuredmedia":[{"embeddable":true,"href":"https:\/\/www.todoeldia.com\/index.php\/wp-json\/wp\/v2\/media\/34262"}],"wp:attachment":[{"href":"https:\/\/www.todoeldia.com\/index.php\/wp-json\/wp\/v2\/media?parent=34261"}],"wp:term":[{"taxonomy":"category","embeddable":true,"href":"https:\/\/www.todoeldia.com\/index.php\/wp-json\/wp\/v2\/categories?post=34261"},{"taxonomy":"post_tag","embeddable":true,"href":"https:\/\/www.todoeldia.com\/index.php\/wp-json\/wp\/v2\/tags?post=34261"}],"curies":[{"name":"wp","href":"https:\/\/api.w.org\/{rel}","templated":true}]}}