{"id":34273,"date":"2022-02-10T11:11:41","date_gmt":"2022-02-10T14:11:41","guid":{"rendered":"https:\/\/www.todoeldia.com\/?p=34273"},"modified":"2022-02-10T11:11:43","modified_gmt":"2022-02-10T14:11:43","slug":"degenerado-abusaba-de-su-hija-desde-los-6-anos","status":"publish","type":"post","link":"https:\/\/www.todoeldia.com\/index.php\/2022\/02\/10\/degenerado-abusaba-de-su-hija-desde-los-6-anos\/","title":{"rendered":"Degenerado abusaba de su hija desde los 6 a\u00f1os"},"content":{"rendered":"\n<p>En octubre de 2021, la ni\u00f1a -que hoy tiene 9 a\u00f1os- se anim\u00f3 a contarle a su madre lo que le suced\u00eda. El fiscal Penal 1 de la Unidad de Delitos contra la Integridad Sexual, Federico Obeid, lo hab\u00eda imputado por abuso sexual con acceso carnal agravado por el v\u00ednculo, la guarda y por ser cometido contra una menor de 18 a\u00f1os, aprovechando la situaci\u00f3n de convivencia preexistente.<\/p>\n\n\n\n<p>El fiscal Penal 1 de la Unidad de Delitos contra la Integridad Sexual (UDIS), Federico Obeid, requiri\u00f3 la elevaci\u00f3n a juicio de un hombre de 29 a\u00f1os por abuso sexual con acceso carnal agravado por el v\u00ednculo, la guarda y por ser cometido contra una menor de 18 a\u00f1os, aprovechando la situaci\u00f3n de convivencia preexistente (continuado) en perjuicio de su propia hija de 9 a\u00f1os.<\/p>\n\n\n\n<p>En octubre de 2021, la madre de la ni\u00f1a radic\u00f3 una denuncia en la Comisar\u00eda de Rosario de Lerma en contra del padre de sus tres hijos. En su relato, la mujer asegur\u00f3 que su hija de 9 a\u00f1os le acababa de confesar que, desde hac\u00eda tres a\u00f1os, su padre abusaba sexualmente de ella y la amenazaba con hacerle da\u00f1o a la madre si contaba lo que suced\u00eda.<\/p>\n\n\n\n<p>El fiscal Obeid orden\u00f3 distintas medidas a fin de proteger a la menor.<\/p>\n\n\n\n<p>Luego de realizar la investigaci\u00f3n, y bas\u00e1ndose en la declaraci\u00f3n de la v\u00edctima en Circuito Cerrado de Televisi\u00f3n, informes psicol\u00f3gicos y el informe m\u00e9dico ginecol\u00f3gico que dio cuenta de desfloraci\u00f3n de larga data, Obeid consider\u00f3 que existen pruebas suficientes para solicitar que el acusado sea juzgado.<\/p>\n","protected":false},"excerpt":{"rendered":"<p>En octubre de 2021, la ni\u00f1a -que hoy tiene 9 a\u00f1os- se anim\u00f3 a contarle a su madre lo que le suced\u00eda. El fiscal Penal 1 de la Unidad de Delitos contra la Integridad Sexual, Federico Obeid, lo hab\u00eda imputado por abuso sexual con acceso carnal agravado por el v\u00ednculo, la guarda y por ser [&hellip;]<\/p>\n","protected":false},"author":2,"featured_media":34275,"comment_status":"open","ping_status":"open","sticky":false,"template":"","format":"standard","meta":{"tdm_status":"","tdm_grid_status":"","_joinchat":[],"footnotes":""},"categories":[73],"tags":[],"class_list":{"0":"post-34273","1":"post","2":"type-post","3":"status-publish","4":"format-standard","5":"has-post-thumbnail","7":"category-noticias-general"},"amp_enabled":true,"_links":{"self":[{"href":"https:\/\/www.todoeldia.com\/index.php\/wp-json\/wp\/v2\/posts\/34273","targetHints":{"allow":["GET"]}}],"collection":[{"href":"https:\/\/www.todoeldia.com\/index.php\/wp-json\/wp\/v2\/posts"}],"about":[{"href":"https:\/\/www.todoeldia.com\/index.php\/wp-json\/wp\/v2\/types\/post"}],"author":[{"embeddable":true,"href":"https:\/\/www.todoeldia.com\/index.php\/wp-json\/wp\/v2\/users\/2"}],"replies":[{"embeddable":true,"href":"https:\/\/www.todoeldia.com\/index.php\/wp-json\/wp\/v2\/comments?post=34273"}],"version-history":[{"count":1,"href":"https:\/\/www.todoeldia.com\/index.php\/wp-json\/wp\/v2\/posts\/34273\/revisions"}],"predecessor-version":[{"id":34276,"href":"https:\/\/www.todoeldia.com\/index.php\/wp-json\/wp\/v2\/posts\/34273\/revisions\/34276"}],"wp:featuredmedia":[{"embeddable":true,"href":"https:\/\/www.todoeldia.com\/index.php\/wp-json\/wp\/v2\/media\/34275"}],"wp:attachment":[{"href":"https:\/\/www.todoeldia.com\/index.php\/wp-json\/wp\/v2\/media?parent=34273"}],"wp:term":[{"taxonomy":"category","embeddable":true,"href":"https:\/\/www.todoeldia.com\/index.php\/wp-json\/wp\/v2\/categories?post=34273"},{"taxonomy":"post_tag","embeddable":true,"href":"https:\/\/www.todoeldia.com\/index.php\/wp-json\/wp\/v2\/tags?post=34273"}],"curies":[{"name":"wp","href":"https:\/\/api.w.org\/{rel}","templated":true}]}}