{"id":34277,"date":"2022-02-10T11:15:59","date_gmt":"2022-02-10T14:15:59","guid":{"rendered":"https:\/\/www.todoeldia.com\/?p=34277"},"modified":"2022-02-10T11:16:00","modified_gmt":"2022-02-10T14:16:00","slug":"a-juicio-por-matar-a-un-hombre-para-robarle-la-bicicleta-en-villa-palacios","status":"publish","type":"post","link":"https:\/\/www.todoeldia.com\/index.php\/2022\/02\/10\/a-juicio-por-matar-a-un-hombre-para-robarle-la-bicicleta-en-villa-palacios\/","title":{"rendered":"A juicio por matar a un hombre para robarle la bicicleta en Villa Palacios"},"content":{"rendered":"\n<p>Dos hermanos ser\u00e1n juzgados por la Sala VI del Tribunal de Juicio del distrito Centro, por el robo seguido de muerte en perjuicio de Faustino Ren\u00e9 Paz. El hecho ocurri\u00f3 en diciembre de 2020 en inmediaciones del r\u00edo Arenales. La fiscala Simesen de Bielke inst\u00f3 adem\u00e1s el sobreseimiento de otros dos acusados.<\/p>\n\n\n\n<p>A instancia del requerimiento a juicio presentado por la fiscala penal de la Unidad de Graves Atentados contra las Personas, Ver\u00f3nica Simesen de Bielke para Santiago Ren\u00e9 Guanca, \u201cTitilo\u201d, como autor del delito de robo seguido de muerte y contra Gerardo Miguel Guanca, \u201cYeri\u201d, como part\u00edcipe secundario del mismo delito, el Juzgado de Garant\u00edas 4 del distrito Centro, elev\u00f3 a juicio la causa.<\/p>\n\n\n\n<p>A solicitud de la fiscala, el juez Diego Rodr\u00edguez Pipino dict\u00f3 el sobreseimiento de Federico Nicol\u00e1s Mi\u00f1o y de Mart\u00edn Benjam\u00edn Gonz\u00e1lez, al considerar que de los elementos recolectados en el curso de la investigaci\u00f3n, se advierte la falta de elementos objetivos que permitan sostener la participaci\u00f3n de ambos imputados.<\/p>\n\n\n\n<p>El Tribunal de la Sala VI del Tribunal de Juicio ser\u00e1 el encargado de fijar fecha de audiencia y juzgar a los acusados de la muerte de Faustino Ren\u00e9 Paz.<\/p>\n\n\n\n<p>En la acusaci\u00f3n, Simesen de Bielke sostiene que, de las medidas probatorias producidas, la muerte de Faustino Ren\u00e9 Paz, est\u00e1 conectada con la ocasi\u00f3n de robo de su bicicleta por parte de \u201cTitilo\u201d Guanca en calidad de autor y que su hermano, \u201cYeri\u201d actu\u00f3 como part\u00edcipe secundario, ya que a sabiendas de que su hermano llevar\u00eda adelante el robo de la bicicleta, le prest\u00f3 ayuda posterior, intentando venderla.<\/p>\n","protected":false},"excerpt":{"rendered":"<p>Dos hermanos ser\u00e1n juzgados por la Sala VI del Tribunal de Juicio del distrito Centro, por el robo seguido de muerte en perjuicio de Faustino Ren\u00e9 Paz. El hecho ocurri\u00f3 en diciembre de 2020 en inmediaciones del r\u00edo Arenales. La fiscala Simesen de Bielke inst\u00f3 adem\u00e1s el sobreseimiento de otros dos acusados. A instancia del [&hellip;]<\/p>\n","protected":false},"author":2,"featured_media":34278,"comment_status":"open","ping_status":"open","sticky":false,"template":"","format":"standard","meta":{"tdm_status":"","tdm_grid_status":"","_joinchat":[],"footnotes":""},"categories":[73],"tags":[],"class_list":{"0":"post-34277","1":"post","2":"type-post","3":"status-publish","4":"format-standard","5":"has-post-thumbnail","7":"category-noticias-general"},"amp_enabled":true,"_links":{"self":[{"href":"https:\/\/www.todoeldia.com\/index.php\/wp-json\/wp\/v2\/posts\/34277","targetHints":{"allow":["GET"]}}],"collection":[{"href":"https:\/\/www.todoeldia.com\/index.php\/wp-json\/wp\/v2\/posts"}],"about":[{"href":"https:\/\/www.todoeldia.com\/index.php\/wp-json\/wp\/v2\/types\/post"}],"author":[{"embeddable":true,"href":"https:\/\/www.todoeldia.com\/index.php\/wp-json\/wp\/v2\/users\/2"}],"replies":[{"embeddable":true,"href":"https:\/\/www.todoeldia.com\/index.php\/wp-json\/wp\/v2\/comments?post=34277"}],"version-history":[{"count":1,"href":"https:\/\/www.todoeldia.com\/index.php\/wp-json\/wp\/v2\/posts\/34277\/revisions"}],"predecessor-version":[{"id":34279,"href":"https:\/\/www.todoeldia.com\/index.php\/wp-json\/wp\/v2\/posts\/34277\/revisions\/34279"}],"wp:featuredmedia":[{"embeddable":true,"href":"https:\/\/www.todoeldia.com\/index.php\/wp-json\/wp\/v2\/media\/34278"}],"wp:attachment":[{"href":"https:\/\/www.todoeldia.com\/index.php\/wp-json\/wp\/v2\/media?parent=34277"}],"wp:term":[{"taxonomy":"category","embeddable":true,"href":"https:\/\/www.todoeldia.com\/index.php\/wp-json\/wp\/v2\/categories?post=34277"},{"taxonomy":"post_tag","embeddable":true,"href":"https:\/\/www.todoeldia.com\/index.php\/wp-json\/wp\/v2\/tags?post=34277"}],"curies":[{"name":"wp","href":"https:\/\/api.w.org\/{rel}","templated":true}]}}