{"id":34846,"date":"2022-02-24T14:20:37","date_gmt":"2022-02-24T17:20:37","guid":{"rendered":"https:\/\/www.todoeldia.com\/?p=34846"},"modified":"2022-02-24T14:20:39","modified_gmt":"2022-02-24T17:20:39","slug":"amplio-operativo-para-la-busqueda-de-gaston-sanz","status":"publish","type":"post","link":"https:\/\/www.todoeldia.com\/index.php\/2022\/02\/24\/amplio-operativo-para-la-busqueda-de-gaston-sanz\/","title":{"rendered":"Amplio operativo para la b\u00fasqueda de Gast\u00f3n Sanz"},"content":{"rendered":"\n<p>En un intenso operativo integrado por m\u00e1s de 120 efectivos de diferentes \u00e1reas operativas e investigativas de la Polic\u00eda, en la madrugada de hoy se retomaron los rastrillajes en Finca Castellanos, R\u00edo Lesser y serran\u00edas de San Lorenzo, por la b\u00fasqueda de Gast\u00f3n, el joven de 31 a\u00f1os que se encuentra extraviado desde el domingo.<\/p>\n\n\n\n<p>El protocolo se activ\u00f3 con la denuncia de la madre el d\u00eda lunes a la tarde. El operativo de b\u00fasqueda se retom\u00f3 en la madrugada, con un importante despliegue de recursos, del que participan m\u00e1s de 120 efectivos del Sector 1B, Grupo de Operaciones de Rescate en Altura, Canes, Caballer\u00eda, Grupos Investigativos, Departamento Central y otras \u00e1reas operativas e investigativas para dar con el paradero de Gast\u00f3n Sanz de 31 a\u00f1os de edad.<\/p>\n\n\n\n<p>Comanda la b\u00fasqueda, la Direcci\u00f3n de Unidad regional N\u00b0 1 y la optimizaci\u00f3n de recursos esta articulada por el Centro de Coordinaci\u00f3n Operativa. Para la jornada de hoy esta planificada focalizar el rastrillaje en forma descendente desde tres puntos de partida estrat\u00e9gicos. De esta manera los recursos se dividir\u00e1n para cubrir la zona de R\u00edo Vaqueros hacia el puente de Lesser; el segundo grupo desde San Lorenzo por la quebrada hacia Lesser por la zona de altura; y el tercero iniciar\u00e1 el recorrido desde puesto de Medeiros hacia puesto Castellanos.<\/p>\n\n\n\n<p>Cualquier informaci\u00f3n \u00fatil para lograr su ubicaci\u00f3n, solicitamos comunicarse al Sistema de Emergencias 9-1-1 o a la dependencia policial m\u00e1s cercana.<\/p>\n\n\n\n<figure class=\"wp-block-image size-full\"><img loading=\"lazy\" decoding=\"async\" width=\"452\" height=\"420\" src=\"https:\/\/www.todoeldia.com\/wp-content\/uploads\/2022\/02\/gaston-sanz.jpg\" alt=\"\" class=\"wp-image-34850\" srcset=\"https:\/\/www.todoeldia.com\/wp-content\/uploads\/2022\/02\/gaston-sanz.jpg 452w, https:\/\/www.todoeldia.com\/wp-content\/uploads\/2022\/02\/gaston-sanz-300x279.jpg 300w\" sizes=\"auto, (max-width: 452px) 100vw, 452px\" \/><\/figure>\n\n\n\n<p>En un intenso operativo integrado por m\u00e1s de 120 efectivos de diferentes \u00e1reas operativas e investigativas de la Polic\u00eda, en la madrugada de hoy se retomaron los rastrillajes en Finca Castellanos, R\u00edo Lesser y serran\u00edas de San Lorenzo, por la b\u00fasqueda de Gast\u00f3n, el joven de 31 a\u00f1os que se encuentra extraviado desde el domingo.<\/p>\n\n\n\n<figure class=\"wp-block-image size-large\"><img loading=\"lazy\" decoding=\"async\" width=\"1024\" height=\"768\" src=\"https:\/\/www.todoeldia.com\/wp-content\/uploads\/2022\/02\/busqueda-de-gaston1-1024x768.jpeg\" alt=\"\" class=\"wp-image-34848\" srcset=\"https:\/\/www.todoeldia.com\/wp-content\/uploads\/2022\/02\/busqueda-de-gaston1-1024x768.jpeg 1024w, https:\/\/www.todoeldia.com\/wp-content\/uploads\/2022\/02\/busqueda-de-gaston1-300x225.jpeg 300w, https:\/\/www.todoeldia.com\/wp-content\/uploads\/2022\/02\/busqueda-de-gaston1-768x576.jpeg 768w, https:\/\/www.todoeldia.com\/wp-content\/uploads\/2022\/02\/busqueda-de-gaston1-696x522.jpeg 696w, https:\/\/www.todoeldia.com\/wp-content\/uploads\/2022\/02\/busqueda-de-gaston1-1068x801.jpeg 1068w, https:\/\/www.todoeldia.com\/wp-content\/uploads\/2022\/02\/busqueda-de-gaston1-560x420.jpeg 560w, https:\/\/www.todoeldia.com\/wp-content\/uploads\/2022\/02\/busqueda-de-gaston1-80x60.jpeg 80w, https:\/\/www.todoeldia.com\/wp-content\/uploads\/2022\/02\/busqueda-de-gaston1-265x198.jpeg 265w, https:\/\/www.todoeldia.com\/wp-content\/uploads\/2022\/02\/busqueda-de-gaston1.jpeg 1152w\" sizes=\"auto, (max-width: 1024px) 100vw, 1024px\" \/><\/figure>\n\n\n\n<p>El protocolo se activ\u00f3 con la denuncia de la madre el d\u00eda lunes a la tarde. El operativo de b\u00fasqueda se retom\u00f3 en la madrugada, con un importante despliegue de recursos, del que participan m\u00e1s de 120 efectivos del Sector 1B, Grupo de Operaciones de Rescate en Altura, Canes, Caballer\u00eda, Grupos Investigativos, Departamento Central y otras \u00e1reas operativas e investigativas para dar con el paradero de Gast\u00f3n Sanz de 31 a\u00f1os de edad.<\/p>\n\n\n\n<figure class=\"wp-block-image size-large is-resized\"><img loading=\"lazy\" decoding=\"async\" src=\"https:\/\/www.todoeldia.com\/wp-content\/uploads\/2022\/02\/busqueda-de-gaston-2-768x1024.jpeg\" alt=\"\" class=\"wp-image-34849\" width=\"1054\" height=\"1413\"\/><\/figure>\n\n\n\n<p>Comanda la b\u00fasqueda, la Direcci\u00f3n de Unidad regional N\u00b0 1 y la optimizaci\u00f3n de recursos esta articulada por el Centro de Coordinaci\u00f3n Operativa. Para la jornada de hoy esta planificada focalizar el rastrillaje en forma descendente desde tres puntos de partida estrat\u00e9gicos. De esta manera los recursos se dividir\u00e1n para cubrir la zona de R\u00edo Vaqueros hacia el puente de Lesser; el segundo grupo desde San Lorenzo por la quebrada hacia Lesser por la zona de altura; y el tercero iniciar\u00e1 el recorrido desde puesto de Medeiros hacia puesto Castellanos.<\/p>\n\n\n\n<p>Cualquier informaci\u00f3n \u00fatil para lograr su ubicaci\u00f3n, solicitamos comunicarse al Sistema de Emergencias 9-1-1 o a la dependencia policial m\u00e1s cercana.<\/p>\n","protected":false},"excerpt":{"rendered":"<p>En un intenso operativo integrado por m\u00e1s de 120 efectivos de diferentes \u00e1reas operativas e investigativas de la Polic\u00eda, en la madrugada de hoy se retomaron los rastrillajes en Finca Castellanos, R\u00edo Lesser y serran\u00edas de San Lorenzo, por la b\u00fasqueda de Gast\u00f3n, el joven de 31 a\u00f1os que se encuentra extraviado desde el domingo. [&hellip;]<\/p>\n","protected":false},"author":2,"featured_media":34847,"comment_status":"open","ping_status":"open","sticky":false,"template":"","format":"standard","meta":{"tdm_status":"","tdm_grid_status":"","_joinchat":[],"footnotes":""},"categories":[73],"tags":[],"class_list":{"0":"post-34846","1":"post","2":"type-post","3":"status-publish","4":"format-standard","5":"has-post-thumbnail","7":"category-noticias-general"},"amp_enabled":true,"_links":{"self":[{"href":"https:\/\/www.todoeldia.com\/index.php\/wp-json\/wp\/v2\/posts\/34846","targetHints":{"allow":["GET"]}}],"collection":[{"href":"https:\/\/www.todoeldia.com\/index.php\/wp-json\/wp\/v2\/posts"}],"about":[{"href":"https:\/\/www.todoeldia.com\/index.php\/wp-json\/wp\/v2\/types\/post"}],"author":[{"embeddable":true,"href":"https:\/\/www.todoeldia.com\/index.php\/wp-json\/wp\/v2\/users\/2"}],"replies":[{"embeddable":true,"href":"https:\/\/www.todoeldia.com\/index.php\/wp-json\/wp\/v2\/comments?post=34846"}],"version-history":[{"count":1,"href":"https:\/\/www.todoeldia.com\/index.php\/wp-json\/wp\/v2\/posts\/34846\/revisions"}],"predecessor-version":[{"id":34851,"href":"https:\/\/www.todoeldia.com\/index.php\/wp-json\/wp\/v2\/posts\/34846\/revisions\/34851"}],"wp:featuredmedia":[{"embeddable":true,"href":"https:\/\/www.todoeldia.com\/index.php\/wp-json\/wp\/v2\/media\/34847"}],"wp:attachment":[{"href":"https:\/\/www.todoeldia.com\/index.php\/wp-json\/wp\/v2\/media?parent=34846"}],"wp:term":[{"taxonomy":"category","embeddable":true,"href":"https:\/\/www.todoeldia.com\/index.php\/wp-json\/wp\/v2\/categories?post=34846"},{"taxonomy":"post_tag","embeddable":true,"href":"https:\/\/www.todoeldia.com\/index.php\/wp-json\/wp\/v2\/tags?post=34846"}],"curies":[{"name":"wp","href":"https:\/\/api.w.org\/{rel}","templated":true}]}}