{"id":35381,"date":"2022-03-10T14:30:29","date_gmt":"2022-03-10T17:30:29","guid":{"rendered":"https:\/\/www.todoeldia.com\/?p=35381"},"modified":"2022-03-10T14:30:30","modified_gmt":"2022-03-10T17:30:30","slug":"una-anciana-responsable-de-la-muerte-de-una-menor-por-conexion-electrica-clandestina","status":"publish","type":"post","link":"https:\/\/www.todoeldia.com\/index.php\/2022\/03\/10\/una-anciana-responsable-de-la-muerte-de-una-menor-por-conexion-electrica-clandestina\/","title":{"rendered":"Una anciana responsable de la muerte de una menor por conexi\u00f3n el\u00e9ctrica clandestina"},"content":{"rendered":"\n<p>La fiscal penal, Ver\u00f3nica Simesen de Bielke, imput\u00f3 a una mujer de 83 a\u00f1os por la muerte de una ni\u00f1a, ocurrida en el mes de febrero, cuando jugaba y toc\u00f3 un cerco electrificado.<\/p>\n\n\n\n<p>La imputaci\u00f3n provisional es por el delito de homicidio culposo en perjuicio de la ni\u00f1a en concurso real, con lesiones leves (dos hechos) en perjuicio de un adulto y un ni\u00f1o.<\/p>\n\n\n\n<p>En la acusaci\u00f3n, la fiscal sostiene que, del an\u00e1lisis de las medidas probatorias producidas, la ni\u00f1a de 10 a\u00f1os, habr\u00eda trepado a un \u00e1rbol tocando con la mano un alambre que se encontraba electrificado, y en forma posterior se produjo su deceso por paro cardiorrespiratorio por electrocuci\u00f3n.<\/p>\n\n\n\n<p>Se\u00f1ala un actuar negligente de la acusada al haber generado una situaci\u00f3n de riesgo real y concreto al realizar una conexi\u00f3n de electricidad clandestina que como tal, no contaba con los recaudos m\u00ednimos necesarios de seguridad, de acuerdo a las pautas vigentes.<\/p>\n\n\n\n<p>Consider\u00f3 el proceder como inadmisible, en virtud del deber legal de cuidado que le era exigible como usufructuaria del inmueble.<\/p>\n\n\n\n<p>La acusada asisti\u00f3 acompa\u00f1ada de un defensor particular y en su declaraci\u00f3n dio su versi\u00f3n de lo sucedido, no aceptando responder preguntas.<\/p>\n","protected":false},"excerpt":{"rendered":"<p>La fiscal penal, Ver\u00f3nica Simesen de Bielke, imput\u00f3 a una mujer de 83 a\u00f1os por la muerte de una ni\u00f1a, ocurrida en el mes de febrero, cuando jugaba y toc\u00f3 un cerco electrificado. La imputaci\u00f3n provisional es por el delito de homicidio culposo en perjuicio de la ni\u00f1a en concurso real, con lesiones leves (dos [&hellip;]<\/p>\n","protected":false},"author":2,"featured_media":35382,"comment_status":"open","ping_status":"open","sticky":false,"template":"","format":"standard","meta":{"tdm_status":"","tdm_grid_status":"","_joinchat":[],"footnotes":""},"categories":[73],"tags":[],"class_list":{"0":"post-35381","1":"post","2":"type-post","3":"status-publish","4":"format-standard","5":"has-post-thumbnail","7":"category-noticias-general"},"amp_enabled":true,"_links":{"self":[{"href":"https:\/\/www.todoeldia.com\/index.php\/wp-json\/wp\/v2\/posts\/35381","targetHints":{"allow":["GET"]}}],"collection":[{"href":"https:\/\/www.todoeldia.com\/index.php\/wp-json\/wp\/v2\/posts"}],"about":[{"href":"https:\/\/www.todoeldia.com\/index.php\/wp-json\/wp\/v2\/types\/post"}],"author":[{"embeddable":true,"href":"https:\/\/www.todoeldia.com\/index.php\/wp-json\/wp\/v2\/users\/2"}],"replies":[{"embeddable":true,"href":"https:\/\/www.todoeldia.com\/index.php\/wp-json\/wp\/v2\/comments?post=35381"}],"version-history":[{"count":1,"href":"https:\/\/www.todoeldia.com\/index.php\/wp-json\/wp\/v2\/posts\/35381\/revisions"}],"predecessor-version":[{"id":35383,"href":"https:\/\/www.todoeldia.com\/index.php\/wp-json\/wp\/v2\/posts\/35381\/revisions\/35383"}],"wp:featuredmedia":[{"embeddable":true,"href":"https:\/\/www.todoeldia.com\/index.php\/wp-json\/wp\/v2\/media\/35382"}],"wp:attachment":[{"href":"https:\/\/www.todoeldia.com\/index.php\/wp-json\/wp\/v2\/media?parent=35381"}],"wp:term":[{"taxonomy":"category","embeddable":true,"href":"https:\/\/www.todoeldia.com\/index.php\/wp-json\/wp\/v2\/categories?post=35381"},{"taxonomy":"post_tag","embeddable":true,"href":"https:\/\/www.todoeldia.com\/index.php\/wp-json\/wp\/v2\/tags?post=35381"}],"curies":[{"name":"wp","href":"https:\/\/api.w.org\/{rel}","templated":true}]}}