{"id":37020,"date":"2022-04-09T09:51:29","date_gmt":"2022-04-09T12:51:29","guid":{"rendered":"https:\/\/www.todoeldia.com\/?p=37020"},"modified":"2022-04-09T09:54:22","modified_gmt":"2022-04-09T12:54:22","slug":"un-hombre-y-una-mujer-detenidos-por-el-crimen-de-cerrillos","status":"publish","type":"post","link":"https:\/\/www.todoeldia.com\/index.php\/2022\/04\/09\/un-hombre-y-una-mujer-detenidos-por-el-crimen-de-cerrillos\/","title":{"rendered":"Un hombre y una mujer detenidos por el crimen de Cerrillos"},"content":{"rendered":"\n<p>Un hombre y una mujer fueron detenidos e imputados por el homicidio de V\u00edctor Sebasti\u00e1n Guti\u00e9rrez de 35 a\u00f1os, que tras ser agredido en Cerrillos, falleci\u00f3 por un TEC grave. Fueron asistidos por una defensora oficial y s\u00f3lo declar\u00f3 la mujer acusada. Se solicit\u00f3 la prisi\u00f3n preventiva de ambos.<\/p>\n\n\n\n<p>El fiscal penal 1 de la Unidad de Graves Atentados contra las Personas en turno, Leandro Flores, imput\u00f3 en forma provisional a una mujer de 23 a\u00f1os y a un hombre de 25 a\u00f1os como coautores del delito de homicidio simple y lesiones leves en concurso real.<\/p>\n\n\n\n<p>Estuvieron asistidos por una defensora oficial y la mujer acusada, prest\u00f3 declaraci\u00f3n. Desde la Fiscal\u00eda se solicit\u00f3 al Juzgado de Garant\u00edas interviniente la prisi\u00f3n preventiva de ambos acusados.<\/p>\n\n\n\n<p>De las tareas investigativas desplegadas, se los identific\u00f3 como los principales sospechosos de un hecho ocurrido el pasado domingo 3 de abril en Cerrillos, donde un hombre de 36 a\u00f1os, oriundo de El Carril, habr\u00eda sido agredido y como resultado de las lesiones recibidas, falleci\u00f3 el pasado mi\u00e9rcoles por la noche en el hospital San Bernardo.<\/p>\n","protected":false},"excerpt":{"rendered":"<p>Un hombre y una mujer fueron detenidos e imputados por el homicidio de V\u00edctor Sebasti\u00e1n Guti\u00e9rrez de 35 a\u00f1os, que tras ser agredido en Cerrillos, falleci\u00f3 por un TEC grave. Fueron asistidos por una defensora oficial y s\u00f3lo declar\u00f3 la mujer acusada. Se solicit\u00f3 la prisi\u00f3n preventiva de ambos. El fiscal penal 1 de la [&hellip;]<\/p>\n","protected":false},"author":2,"featured_media":36862,"comment_status":"open","ping_status":"open","sticky":false,"template":"","format":"standard","meta":{"tdm_status":"","tdm_grid_status":"","_joinchat":[],"footnotes":""},"categories":[63],"tags":[],"class_list":{"0":"post-37020","1":"post","2":"type-post","3":"status-publish","4":"format-standard","5":"has-post-thumbnail","7":"category-policiales"},"amp_enabled":true,"_links":{"self":[{"href":"https:\/\/www.todoeldia.com\/index.php\/wp-json\/wp\/v2\/posts\/37020","targetHints":{"allow":["GET"]}}],"collection":[{"href":"https:\/\/www.todoeldia.com\/index.php\/wp-json\/wp\/v2\/posts"}],"about":[{"href":"https:\/\/www.todoeldia.com\/index.php\/wp-json\/wp\/v2\/types\/post"}],"author":[{"embeddable":true,"href":"https:\/\/www.todoeldia.com\/index.php\/wp-json\/wp\/v2\/users\/2"}],"replies":[{"embeddable":true,"href":"https:\/\/www.todoeldia.com\/index.php\/wp-json\/wp\/v2\/comments?post=37020"}],"version-history":[{"count":2,"href":"https:\/\/www.todoeldia.com\/index.php\/wp-json\/wp\/v2\/posts\/37020\/revisions"}],"predecessor-version":[{"id":37022,"href":"https:\/\/www.todoeldia.com\/index.php\/wp-json\/wp\/v2\/posts\/37020\/revisions\/37022"}],"wp:featuredmedia":[{"embeddable":true,"href":"https:\/\/www.todoeldia.com\/index.php\/wp-json\/wp\/v2\/media\/36862"}],"wp:attachment":[{"href":"https:\/\/www.todoeldia.com\/index.php\/wp-json\/wp\/v2\/media?parent=37020"}],"wp:term":[{"taxonomy":"category","embeddable":true,"href":"https:\/\/www.todoeldia.com\/index.php\/wp-json\/wp\/v2\/categories?post=37020"},{"taxonomy":"post_tag","embeddable":true,"href":"https:\/\/www.todoeldia.com\/index.php\/wp-json\/wp\/v2\/tags?post=37020"}],"curies":[{"name":"wp","href":"https:\/\/api.w.org\/{rel}","templated":true}]}}