{"id":37026,"date":"2022-04-09T20:01:02","date_gmt":"2022-04-09T23:01:02","guid":{"rendered":"https:\/\/www.todoeldia.com\/?p=37026"},"modified":"2022-04-09T20:01:04","modified_gmt":"2022-04-09T23:01:04","slug":"coronavirus-5-contagios-en-salta-840-en-el-pais-y-solo-3-muertes","status":"publish","type":"post","link":"https:\/\/www.todoeldia.com\/index.php\/2022\/04\/09\/coronavirus-5-contagios-en-salta-840-en-el-pais-y-solo-3-muertes\/","title":{"rendered":"Coronavirus:  5 contagios en Salta, 840 en el pa\u00eds y solo 3 muertes"},"content":{"rendered":"\n<p>El Ministerio de Salud P\u00fablica de Salta inform\u00f3 que en las \u00faltimas 24 horas se notificaron 5 casos nuevos de coronavirus en la provincia.<\/p>\n\n\n\n<p>Hay 39 pacientes internados en unidades de terapia intensiva, 16 con asistencia respiratoria mec\u00e1nica y a la fecha, los decesos por COVID-19 en Salta suman 3.412.<\/p>\n\n\n\n<p>Desde el inicio de la pandemia, en la Provincia suman 154.193 &nbsp;los casos confirmados.<\/p>\n\n\n\n<p>Mientras tanto en Argentina confirmaron 840 contagios y 3 muertes, la cifra m\u00e1s baja en cuatro meses.<\/p>\n\n\n\n<p>La \u00faltima vez que los decesos notificados no superaron esa cantidad fue el 5 de diciembre pasado. Con estos datos, el total de casos desde el comienzo de la pandemia ascendi\u00f3 a 9.052.083, mientras que los fallecimientos suman 128.197.<\/p>\n\n\n\n<p>El Ministerio de Salud de la Naci\u00f3n inform\u00f3 este s\u00e1bado 9 de abril que, en las \u00faltimas 24 horas, se registraron 840 nuevos contagios de coronavirus y 3 muertes, la cifra m\u00e1s baja de fallecidos en cuatro meses. La \u00faltima vez que se hab\u00eda reportado la misma cantidad de decesos fue el 5 de diciembre pasado. Con estos datos, el total de casos desde el comienzo de la pandemia se elev\u00f3 a 9.052.083, mientras que las v\u00edctimas fatales suman 128.197.<\/p>\n\n\n\n<p>En esta \u00faltima jornada se realizaron 15.849 testeos, por lo que la tasa de positividad registrada es del 5,3%. Este porcentaje se ubica por debajo del 10% que recomienda la OMS para considerar que la pandemia est\u00e1 controlada.<\/p>\n\n\n\n<p>En este momento hay 41.184 casos activos en el pa\u00eds. Se trata de personas que fueron diagnosticadas con la enfermedad y a\u00fan no fueron dadas de alta en el sistema nacional. En tanto, el total de recuperados asciende a 8.882.702.<\/p>\n\n\n\n<p>Por otro lado, de las muertes reportadas hoy, dos corresponden a hombres residentes de la provincia de Buenos Aires y C\u00f3rdoba, y la restante v\u00edctima fatal fue una mujer residente de Jujuy.<\/p>\n\n\n\n<p>De acuerdo al parte epidemiol\u00f3gico, de momento en Argentina hay 429 personas con COVID-19 internadas en terapia intensiva. El porcentaje de ocupaci\u00f3n de camas a nivel nacional es del 37,4% y en el \u00c1rea Metropolitana de Buenos Aires (AMBA) del 39,2%.<\/p>\n\n\n\n<p>De los 840 contagios reportados esta tarde, 232 son de la provincia de Buenos Aires; 269 de CABA; 2 de Chaco; 3 de Chubut; 1 de Corrientes; 40 de C\u00f3rdoba; 12 de Entre R\u00edos; 1 de Formosa; 1 de Jujuy; 5 de La Pampa; 2 de La Rioja; 14 de Mendoza; 181 de Misiones; 18 de Neuqu\u00e9n; 8 de R\u00edo Negro; 7 de San Juan; 13 de San Luis; 8 de Santa Cruz; 14 de Santa Fe; 3 de Santiago del Estero y 6 de Tucum\u00e1n; 5 de Salta.<\/p>\n","protected":false},"excerpt":{"rendered":"<p>El Ministerio de Salud P\u00fablica de Salta inform\u00f3 que en las \u00faltimas 24 horas se notificaron 5 casos nuevos de coronavirus en la provincia. Hay 39 pacientes internados en unidades de terapia intensiva, 16 con asistencia respiratoria mec\u00e1nica y a la fecha, los decesos por COVID-19 en Salta suman 3.412. Desde el inicio de la [&hellip;]<\/p>\n","protected":false},"author":2,"featured_media":37027,"comment_status":"open","ping_status":"open","sticky":false,"template":"","format":"standard","meta":{"tdm_status":"","tdm_grid_status":"","_joinchat":[],"footnotes":""},"categories":[65],"tags":[],"class_list":{"0":"post-37026","1":"post","2":"type-post","3":"status-publish","4":"format-standard","5":"has-post-thumbnail","7":"category-coronavirus"},"amp_enabled":true,"_links":{"self":[{"href":"https:\/\/www.todoeldia.com\/index.php\/wp-json\/wp\/v2\/posts\/37026","targetHints":{"allow":["GET"]}}],"collection":[{"href":"https:\/\/www.todoeldia.com\/index.php\/wp-json\/wp\/v2\/posts"}],"about":[{"href":"https:\/\/www.todoeldia.com\/index.php\/wp-json\/wp\/v2\/types\/post"}],"author":[{"embeddable":true,"href":"https:\/\/www.todoeldia.com\/index.php\/wp-json\/wp\/v2\/users\/2"}],"replies":[{"embeddable":true,"href":"https:\/\/www.todoeldia.com\/index.php\/wp-json\/wp\/v2\/comments?post=37026"}],"version-history":[{"count":1,"href":"https:\/\/www.todoeldia.com\/index.php\/wp-json\/wp\/v2\/posts\/37026\/revisions"}],"predecessor-version":[{"id":37028,"href":"https:\/\/www.todoeldia.com\/index.php\/wp-json\/wp\/v2\/posts\/37026\/revisions\/37028"}],"wp:featuredmedia":[{"embeddable":true,"href":"https:\/\/www.todoeldia.com\/index.php\/wp-json\/wp\/v2\/media\/37027"}],"wp:attachment":[{"href":"https:\/\/www.todoeldia.com\/index.php\/wp-json\/wp\/v2\/media?parent=37026"}],"wp:term":[{"taxonomy":"category","embeddable":true,"href":"https:\/\/www.todoeldia.com\/index.php\/wp-json\/wp\/v2\/categories?post=37026"},{"taxonomy":"post_tag","embeddable":true,"href":"https:\/\/www.todoeldia.com\/index.php\/wp-json\/wp\/v2\/tags?post=37026"}],"curies":[{"name":"wp","href":"https:\/\/api.w.org\/{rel}","templated":true}]}}