{"id":37029,"date":"2022-04-09T20:24:16","date_gmt":"2022-04-09T23:24:16","guid":{"rendered":"https:\/\/www.todoeldia.com\/?p=37029"},"modified":"2022-04-09T20:24:18","modified_gmt":"2022-04-09T23:24:18","slug":"maximo-kirchner-se-aleja-de-alberto-fernandez-por-jesica-bossi","status":"publish","type":"post","link":"https:\/\/www.todoeldia.com\/index.php\/2022\/04\/09\/maximo-kirchner-se-aleja-de-alberto-fernandez-por-jesica-bossi\/","title":{"rendered":"M\u00e1ximo Kirchner se aleja de Alberto Fern\u00e1ndez. \u00a0Por Jesica Bossi"},"content":{"rendered":"\n<p>El diputado nacional avanza en territorio bonaerense con Mart\u00edn Insaurralde como principal figura. En el Frente de Todos especulan con el apellido Kirchner en la boleta. La C\u00e1mpora ya arranc\u00f3 su campa\u00f1a.<\/p>\n\n\n\n<p>En medio de la pelea interna y de la escalada de la inflaci\u00f3n, M\u00e1ximo Kirchner profundiza su despegue de Alberto Fern\u00e1ndez y activa el trabajo territorial en la provincia de Buenos Aires. Tiene actividades a diario en el conurbano, que nunca se anticipan a los medios y solo algunas son comunicadas de manera oficial.<\/p>\n\n\n\n<p>El mensaje que lleva a esas reuniones es m\u00e1s apocal\u00edptico que el de los referentes de la oposici\u00f3n: dice que la situaci\u00f3n es muy complicada y que el Presidente no reacciona. \u201cGobierna con (Julio) Vitobello, Vilma (Ibarra) y (Gustavo) B\u00e9liz\u201d, se le escuch\u00f3 decir en conversaciones privadas.<\/p>\n\n\n\n<p>in proponer ninguna l\u00ednea de acci\u00f3n concreta, solo repite que no puede haber ajuste. \u201cTe firmo ya si la inflaci\u00f3n es del 60%\u201d, dice un camporista, con el temor de que todo pueda ser peor.<\/p>\n\n\n\n<p>En su rol de presidente del PJ bonaerense, M\u00e1ximo est\u00e1 participando de la asunci\u00f3n de los jefes locales del partido, un evento que puede parecer peque\u00f1o, pero que es toda una se\u00f1al vinculada a la transformaci\u00f3n que intenta el l\u00edder de La C\u00e1mpora. Es un momento de transici\u00f3n, en el que pretende pasar a ser el jefe del peronismo y dejar atr\u00e1s el sello juvenil.<\/p>\n\n\n\n<p>Eso no implica que deje de potenciar a la \u201corga\u201d, como la llaman, pero busca darle una renovaci\u00f3n y nuevas banderas. Uno de los objetivos, por su anclaje en los centennials, es la agenda verde con perspectiva \u201cpopular\u201d. Por eso, hubo una fuerte pulseada para crear el Ministerio de Ambiente en la provincia, encabezado por Daniela Vilar, de su c\u00edrculo m\u00e1s cercano y tambi\u00e9n ligada a Mart\u00edn Insaurralde.<\/p>\n\n\n\n<p>\u201cAxel a veces es tan lento como Alberto\u201d, se queja un dirigente K. Es que si bien se anunci\u00f3 la designaci\u00f3n en diciembre, reci\u00e9n hace dos semanas se le dio presupuesto y estructura al Ministerio. Y este viernes, tres meses y medio despu\u00e9s, se hizo el lanzamiento del \u00e1rea en el Estadio \u00danico \u201cDiego Armando Maradona\u201d de La Plata, en la que participaron M\u00e1ximo y Kicillof.<\/p>\n\n\n\n<p>La relaci\u00f3n entre ambos siempre estuvo te\u00f1ida por la desconfianza. Para peor, el hijo de Cristina se lleva bien con Insaurralde, a quien los intendentes del PJ impulsan como gobernador para 2023, es decir, para sabotear el plan de reelecci\u00f3n de Kicillof.<\/p>\n\n\n\n<p>Casi como si ya se hubiera largado la campa\u00f1a (falta m\u00e1s de un a\u00f1o), La C\u00e1mpora puso el foco en 20 distritos gobernados por la oposici\u00f3n para instalar a candidatos propios de la organizaci\u00f3n, un operativo en marcha. En esa hoja de ruta hay sobre todo municipios del interior, como Mar del Plata, Bah\u00eda Blanca, Jun\u00edn, San Nicol\u00e1s, Chivilcoy, Tandil, Bransen.<\/p>\n\n\n\n<p>M\u00e1ximo busca abroquelar el n\u00facleo duro, que el kirchnerismo tiene miedo de perder. As\u00ed se entiende por qu\u00e9 no cuestiona los piquetes del Polo Obrero y su acercamiento al sindicalismo m\u00e1s combativo. \u201c\u00a1El FIT meti\u00f3 por primera vez concejales en La Matanza!\u201d, suele remarcar, ante el avance de la izquierda en un nicho que le es propio a los K.<\/p>\n\n\n\n<p>\u00bfM\u00e1ximo va a ser candidato? En el Frente de Todos especulan con el apellido Kirchner en la boleta, especialmente con el de Cristina. Madre e hijo apuestan todo a la Provincia, pero a\u00fan falta. Hace dos meses, en R\u00edo Gallegos hubo un \u201coperativo clamor\u201d para que el diputado sea candidato a gobernador de Santa Cruz. Hay varias razones: Alicia est\u00e1 cansada y preferir\u00eda ser senadora; surgi\u00f3 como rival con chances el sindicalista petrolero, Claudio Vidal; y est\u00e1 en riesgo la hegemon\u00eda K en su cuna.<\/p>\n\n\n\n<p>Uno de los impulsores de \u201cM\u00e1ximo gobernador\u201d es su amigo de la infancia Mauricio G\u00f3mez Bull, lo que le brind\u00f3 cierta validez a la movida. Aunque en La C\u00e1mpora descartan que en el corto plazo se refugie en el sur.<\/p>\n\n\n\n<p>Como expuso con vehemencia Andr\u00e9s Larroque, el cristinismo no va a dejar el Gobierno y se propone practicar una suerte de oficialismo opositor. En ese juego de confusi\u00f3n, siguen sirvi\u00e9ndose de las oportunidades que da el manejo del Estado: cargos, caja, contactos.<\/p>\n\n\n\n<p>Un ejemplo de eso es Wado De Pedro. El ministro del Interior ahora se dedica, como un canciller blue, a viajar al exterior con misiones paralelas de trabajo. Estuvo en Espa\u00f1a, Italia y ahora va a Israel. Nada de esto es un pedido de Alberto, es una construcci\u00f3n diplom\u00e1tica y de roce internacional que nutre directamente a M\u00e1ximo.<\/p>\n\n\n\n<p>Cerca del Presidente, quiz\u00e1 con voluntarismo, consideran que Fern\u00e1ndez es consciente de que debe dirimir la interna. \u201cEst\u00e1 madurando decisiones\u201d, dice un colaborador cercano. Hay bajo an\u00e1lisis varios cambios, incluido un redise\u00f1o del gabinete. Cristina presiona para eyectar a parte del equipo econ\u00f3mico: Mart\u00edn Guzm\u00e1n, Mat\u00edas Kulfas y Claudio Moroni.<\/p>\n","protected":false},"excerpt":{"rendered":"<p>El diputado nacional avanza en territorio bonaerense con Mart\u00edn Insaurralde como principal figura. En el Frente de Todos especulan con el apellido Kirchner en la boleta. La C\u00e1mpora ya arranc\u00f3 su campa\u00f1a. En medio de la pelea interna y de la escalada de la inflaci\u00f3n, M\u00e1ximo Kirchner profundiza su despegue de Alberto Fern\u00e1ndez y activa [&hellip;]<\/p>\n","protected":false},"author":2,"featured_media":37030,"comment_status":"open","ping_status":"open","sticky":false,"template":"","format":"standard","meta":{"tdm_status":"","tdm_grid_status":"","_joinchat":[],"footnotes":""},"categories":[71],"tags":[],"class_list":{"0":"post-37029","1":"post","2":"type-post","3":"status-publish","4":"format-standard","5":"has-post-thumbnail","7":"category-columnistas"},"amp_enabled":true,"_links":{"self":[{"href":"https:\/\/www.todoeldia.com\/index.php\/wp-json\/wp\/v2\/posts\/37029","targetHints":{"allow":["GET"]}}],"collection":[{"href":"https:\/\/www.todoeldia.com\/index.php\/wp-json\/wp\/v2\/posts"}],"about":[{"href":"https:\/\/www.todoeldia.com\/index.php\/wp-json\/wp\/v2\/types\/post"}],"author":[{"embeddable":true,"href":"https:\/\/www.todoeldia.com\/index.php\/wp-json\/wp\/v2\/users\/2"}],"replies":[{"embeddable":true,"href":"https:\/\/www.todoeldia.com\/index.php\/wp-json\/wp\/v2\/comments?post=37029"}],"version-history":[{"count":1,"href":"https:\/\/www.todoeldia.com\/index.php\/wp-json\/wp\/v2\/posts\/37029\/revisions"}],"predecessor-version":[{"id":37031,"href":"https:\/\/www.todoeldia.com\/index.php\/wp-json\/wp\/v2\/posts\/37029\/revisions\/37031"}],"wp:featuredmedia":[{"embeddable":true,"href":"https:\/\/www.todoeldia.com\/index.php\/wp-json\/wp\/v2\/media\/37030"}],"wp:attachment":[{"href":"https:\/\/www.todoeldia.com\/index.php\/wp-json\/wp\/v2\/media?parent=37029"}],"wp:term":[{"taxonomy":"category","embeddable":true,"href":"https:\/\/www.todoeldia.com\/index.php\/wp-json\/wp\/v2\/categories?post=37029"},{"taxonomy":"post_tag","embeddable":true,"href":"https:\/\/www.todoeldia.com\/index.php\/wp-json\/wp\/v2\/tags?post=37029"}],"curies":[{"name":"wp","href":"https:\/\/api.w.org\/{rel}","templated":true}]}}