{"id":37033,"date":"2022-04-10T10:50:33","date_gmt":"2022-04-10T13:50:33","guid":{"rendered":"https:\/\/www.todoeldia.com\/?p=37033"},"modified":"2022-04-10T10:50:36","modified_gmt":"2022-04-10T13:50:36","slug":"el-terror-que-inexplicablemente-aun-sigue-generando-cristina-kirchner-por-ernesto-tenembaum","status":"publish","type":"post","link":"https:\/\/www.todoeldia.com\/index.php\/2022\/04\/10\/el-terror-que-inexplicablemente-aun-sigue-generando-cristina-kirchner-por-ernesto-tenembaum\/","title":{"rendered":"El terror que, inexplicablemente, a\u00fan sigue generando Cristina Kirchner. Por Ernesto Tenembaum"},"content":{"rendered":"\n<p>En medio de fuertes rumores sobre la salida de Mart\u00edn Guzm\u00e1n, Roberto Feletti lo desautoriz\u00f3 y critic\u00f3 en p\u00fablico. En un gobierno normal, habr\u00eda sido echado. Pero es un hombre de la Vicepresidenta. No se toca.<\/p>\n\n\n\n<p>Hace poco m\u00e1s de seis meses, Roberto Feletti reemplaz\u00f3 a Paula Espa\u00f1ol, en la Secretar\u00eda de Comercio Interior. Feletti fue impuesto por el Instituto Patria como uno de los cambios necesarios despu\u00e9s de la fuerte derrota electoral que hab\u00eda recibido el Gobierno en las primarias. En aquellos turbulentos d\u00edas, el nuevo funcionario advirti\u00f3 que intentar\u00eda controlar los abusos de los monopolios de alimentos. Para ello, estableci\u00f3 a los apurones una lista de 1.200 productos cuyo precio pretend\u00eda congelar durante 90 d\u00edas. Cualquier persona adulta sabe que la lucha contra la inflaci\u00f3n no depende de la voluntad de un funcionario. De lo contrario, ser\u00eda f\u00e1cil derrotarla: solo habr\u00eda que hacer listas. El intento de Feletti y los suyos incorpor\u00f3 la necesaria \u00e9pica militante. El domingo siguiente al lanzamiento de la lista de precios congelados, brigadas de La C\u00e1mpora se apersonaron en algunos supermercados para vigilar que se cumpliera el congelamiento. El entusiasmo luego mengu\u00f3 porque los militantes nunca volvieron. Eso impidi\u00f3 saber cu\u00e1l hubiera sido el resultado de ese m\u00e9todo, si se hubiera aplicado con m\u00e1s rigor, trabajo y dedicaci\u00f3n.<\/p>\n\n\n\n<p>Seis meses despu\u00e9s de su abrupto aterrizaje es dif\u00edcil evaluar el efecto Feletti en la evoluci\u00f3n de los precios. Pero, si hay algo que se puede decir, es que la inflaci\u00f3n no baj\u00f3 sino todo lo contrario, con lo cual la expectativa desatada en aquellos d\u00edas no parece haber sido satisfecha. En los hechos, Feletti no hace algo muy diferente a Espa\u00f1ol. Cada tanto, difunde una lista nueva de precios cuidados que se va actualizando al ritmo de la inflaci\u00f3n general. En esas listas hay, efectivamente, algunos art\u00edculos en oferta y otros m\u00e1s caros que su competencia, otros que tienen un poquito de trampa. Feletti, finalmente, hace lo que puede en un contexto dif\u00edcil. No es un h\u00e9roe. No es un demonio. Es una persona que, como \u00e9l mismo dijo, no puede hacer milagros.<\/p>\n\n\n\n<p>Todo ser\u00eda comprensible si no fuera acompa\u00f1ado por declaraciones p\u00fablicas en las que Feletti parece mucho m\u00e1s valiente, transformador y revolucionario. Cuando da un reportaje, Feletti dice que se siente orgulloso de que no lo quieran las grandes empresas, de que siempre se plant\u00f3 en el mismo lugar. Saca pecho. Esta semana le agreg\u00f3 un detalle notable: desautoriz\u00f3 en p\u00fablico al ministro de Econom\u00eda, Mart\u00edn Guzm\u00e1n. Lo acus\u00f3 de no tener \u201cun plan antiinflacionario consistente\u201d.<\/p>\n\n\n\n<p>Esa distancia entre lo que un funcionario vale y lo que cree que vale no es exclusiva de Feletti. Pero se trata de un caso llamativo. Argentina tiene muchos problemas en estos momentos. Seg\u00fan quien describa el panorama, enumerar\u00e1 en distinto grado de importancia los siguientes: el d\u00e9ficit fiscal, el d\u00e9ficit comercial, la consecuente restricci\u00f3n externa, la p\u00e9rdida de la soberan\u00eda energ\u00e9tica, la inercia inflacionaria. Todos estos problemas surgieron, o reaparecieron, en la Argentina entre 2007 y 2011, durante el primer mandato de Cristina Kirchner. \u00bfQui\u00e9n era por entonces el secretario de Planeamiento del Ministerio de Econom\u00eda? \u00bfQui\u00e9n deb\u00eda presentar un plan congruente para evitar que se instale la inflaci\u00f3n de nuevo? \u00bfQui\u00e9n no pudo evitarlo?<\/p>\n\n\n\n<p>Como el lector ya lo debe haber deducido, efectivamente, era Feletti quien deb\u00eda hacer esas cosas junto a su superior, Amado Boudou, otro revolucionario.<\/p>\n\n\n\n<p>Pero esta nota que, al parecer, trata sobre Feletti, en realidad, intenta indagar sobre otro asunto m\u00e1s trascendente: los l\u00edmites que acepta el presidente Alberto Fern\u00e1ndez para el ejercicio de su autoridad. Esta semana, en medio de rumores muy potentes sobre la salida de Mart\u00edn Guzm\u00e1n del Gobierno, Feletti le dio un empujoncito m\u00e1s hacia el precipicio. En un Gobierno normal, Feletti habr\u00eda sido puesto al minuto de patitas en la calle. Esmerilar a un ministro que enfrenta una situaci\u00f3n delicada no es, digamos, la conducta de una persona con c\u00f3digos respetables. En este Gobierno, sin embargo, Feletti no fue despedido.<\/p>\n\n\n\n<p>\u00bfPor qu\u00e9 sobrevive? La respuesta puede buscarse en la imagen de la cuenta de wasap de Feletti. Es una fotograf\u00eda de Feletti con Cristina Kirchner. Feletti es de Cristina. Y si es de Cristina, el Presidente no puede desplazarlo, as\u00ed humille p\u00fablicamente al ministro. Y nadie puede responderle.<\/p>\n\n\n\n<p>Es de Cristina.<\/p>\n\n\n\n<p>No se toca.<\/p>\n\n\n\n<p>Feletti ya hab\u00eda explorado los l\u00edmites de la paciencia presidencial. En aquellos d\u00edas posteriores a su asunci\u00f3n, cuando las brigadas camporistas iban a los supermercados para hacer de cuenta que la Patria es el Otro, Feletti se sac\u00f3 una foto abrazado con Fernanda Vallejos, la diputada que horas antes hab\u00eda calificado al Presidente como \u201cmequetrefe\u201d, \u201cokupa\u201d, \u201catornillado\u201d y \u201cciego, sordo y mudo\u201d. Pese a semejante gesto, Felleti tambi\u00e9n sobrevivi\u00f3.<\/p>\n\n\n\n<p>Porque es de Cristina.<\/p>\n\n\n\n<p>Y si es de Cristina, ya se sabe lo que pasa.<\/p>\n\n\n\n<p>Esa an\u00e9cdota es muy reveladora de los problemas -a estas alturas bastante obvios- que tiene el Gobierno. Alberto Fern\u00e1ndez y Cristina Kirchner protagonizan un conflicto desgastante que ha debilitado al extremo a un Gobierno que podr\u00eda haberse desempe\u00f1ado mucho mejor sin esa tara de origen. Ese conflicto, donde ambos se hacen da\u00f1o, tal vez alcance para desarmar la versi\u00f3n simplista que lo defin\u00eda a Fern\u00e1ndez como un t\u00edtere. Pero no para guiar el destino de un Gobierno en el que el Presidente, haga lo que haga, es desautorizado, una y otra vez, por personajes muy menores.<\/p>\n\n\n\n<p>Las consecuencias de ese tironeo son infinitas. Desde la demora exasperante en la construcci\u00f3n de un gasoducto que permitir\u00eda reducir dr\u00e1sticamente las importaciones de energ\u00eda, hasta la implementaci\u00f3n de un aumento de tarifas recontra anunciado; desde la demora en la reapertura de las escuelas hasta la extra\u00f1a visita a Vladimir Putin en los d\u00edas previos a la guerra; desde las trabas para adquirir una vacuna ideol\u00f3gicamente cuestionada hasta la permanencia en el Gobierno de funcionarios que se vacunaron por izquierda. No es necesario abundar sobre c\u00f3mo esas cosas complican la vida de los habitantes de un pa\u00eds.<\/p>\n\n\n\n<p>En esa din\u00e1mica, en las \u00faltimas semanas, empez\u00f3 a circular la versi\u00f3n de que Alberto Fernandez no terminar\u00eda su mandato. Esa versi\u00f3n se difundi\u00f3 primero desde el cristinismo. Uno de sus periodistas preferidos sostuvo que en el entorno de la Vicepresidente hay gente que cree que \u201ctodo esto vuela por el aire en un mes\u201d. CFK cont\u00f3 que le regal\u00f3 a Fern\u00e1ndez un libro que trata sobre un gobierno que se debe ir antes de tiempo luego de arreglar con el FMI. En una de sus arengas, su hijo defendi\u00f3 a quienes hab\u00edan tomado la principal avenida del pa\u00eds durante dos d\u00edas. Luego, esa versi\u00f3n, rebot\u00f3 en medios y periodistas que, al parecer, pertenecen al lado contrario de la grieta pero tratan a Alberto Fern\u00e1ndez igual que los camporistas: como en otros tiempo otros periodistas trataron a Arturo Illia.<\/p>\n\n\n\n<p>No hay razones objetivas para que ocurra semejante cosa.<\/p>\n\n\n\n<p>La invasi\u00f3n rusa a Ucrania le dio una vuelta de rosca m\u00e1s a la inflaci\u00f3n. Como siempre que aumentan los precios, eso genera una situaci\u00f3n de incertidumbre e inestabilidad. Pero junto con eso, la cotizaci\u00f3n de los d\u00f3lares libres empez\u00f3 a bajar, luego de una estabilidad que lleva 18 meses. El desempe\u00f1o de la econom\u00eda real refleja un crecimiento entre moderado y fuerte \u2013depende del sector- que a su vez ha tenido un impacto sensible en la ca\u00edda de la cantidad de desocupados. Los n\u00fameros del sector industrial se ubican en los mejores desde el 2015. Y hace solo tres semanas, la clase pol\u00edtica construy\u00f3 un consenso casi un\u00e1nime para evitar que el pa\u00eds cayera en el default. No hay, adem\u00e1s, ning\u00fan indicio de que en alg\u00fan lugar se hayan producido amenazas de saqueos, ni tampoco fuga de dep\u00f3sitos.<\/p>\n\n\n\n<p>En ese contexto, la pol\u00edtica podr\u00eda calmarse y tratar de encontrar soluciones a los problemas que existen sin arruinar lo que est\u00e1 funcionando. Pero es dif\u00edcil que un gobierno controle a sus fantasmas cuando una guerra interna lo debilita durante tanto tiempo. El Presidente, adem\u00e1s, ha empezado a generar mucha ansiedad, por su presunta falta de reacci\u00f3n, incluso entre sus colaboradores m\u00e1s leales.<\/p>\n\n\n\n<p>Las hostilidades son permanentes. Las sospechas rec\u00edprocas recorren todo el \u00e1mbito oficial. Un clima t\u00f3xico y paranoico se ha adue\u00f1ado del poder pol\u00edtico en las \u00faltimas semanas. Si no se procesa r\u00e1pido, puede contaminar demasiado lo que ocurra de aqu\u00ed al lejano 10 de diciembre del 2023.<\/p>\n\n\n\n<p>Tal vez el miedo no est\u00e9 justificado y solo se trate de hacer lo correcto.<\/p>\n\n\n\n<p>Al fin y al cabo, los monstruos pertenecen al mundo de la fantas\u00eda: tienen la dimensi\u00f3n que cada uno les concede.<\/p>\n","protected":false},"excerpt":{"rendered":"<p>En medio de fuertes rumores sobre la salida de Mart\u00edn Guzm\u00e1n, Roberto Feletti lo desautoriz\u00f3 y critic\u00f3 en p\u00fablico. En un gobierno normal, habr\u00eda sido echado. Pero es un hombre de la Vicepresidenta. No se toca. Hace poco m\u00e1s de seis meses, Roberto Feletti reemplaz\u00f3 a Paula Espa\u00f1ol, en la Secretar\u00eda de Comercio Interior. Feletti [&hellip;]<\/p>\n","protected":false},"author":2,"featured_media":37034,"comment_status":"open","ping_status":"open","sticky":false,"template":"","format":"standard","meta":{"tdm_status":"","tdm_grid_status":"","_joinchat":[],"footnotes":""},"categories":[71],"tags":[],"class_list":{"0":"post-37033","1":"post","2":"type-post","3":"status-publish","4":"format-standard","5":"has-post-thumbnail","7":"category-columnistas"},"amp_enabled":true,"_links":{"self":[{"href":"https:\/\/www.todoeldia.com\/index.php\/wp-json\/wp\/v2\/posts\/37033","targetHints":{"allow":["GET"]}}],"collection":[{"href":"https:\/\/www.todoeldia.com\/index.php\/wp-json\/wp\/v2\/posts"}],"about":[{"href":"https:\/\/www.todoeldia.com\/index.php\/wp-json\/wp\/v2\/types\/post"}],"author":[{"embeddable":true,"href":"https:\/\/www.todoeldia.com\/index.php\/wp-json\/wp\/v2\/users\/2"}],"replies":[{"embeddable":true,"href":"https:\/\/www.todoeldia.com\/index.php\/wp-json\/wp\/v2\/comments?post=37033"}],"version-history":[{"count":1,"href":"https:\/\/www.todoeldia.com\/index.php\/wp-json\/wp\/v2\/posts\/37033\/revisions"}],"predecessor-version":[{"id":37035,"href":"https:\/\/www.todoeldia.com\/index.php\/wp-json\/wp\/v2\/posts\/37033\/revisions\/37035"}],"wp:featuredmedia":[{"embeddable":true,"href":"https:\/\/www.todoeldia.com\/index.php\/wp-json\/wp\/v2\/media\/37034"}],"wp:attachment":[{"href":"https:\/\/www.todoeldia.com\/index.php\/wp-json\/wp\/v2\/media?parent=37033"}],"wp:term":[{"taxonomy":"category","embeddable":true,"href":"https:\/\/www.todoeldia.com\/index.php\/wp-json\/wp\/v2\/categories?post=37033"},{"taxonomy":"post_tag","embeddable":true,"href":"https:\/\/www.todoeldia.com\/index.php\/wp-json\/wp\/v2\/tags?post=37033"}],"curies":[{"name":"wp","href":"https:\/\/api.w.org\/{rel}","templated":true}]}}