{"id":37798,"date":"2022-04-25T19:18:40","date_gmt":"2022-04-25T22:18:40","guid":{"rendered":"https:\/\/www.todoeldia.com\/?p=37798"},"modified":"2022-04-25T19:18:42","modified_gmt":"2022-04-25T22:18:42","slug":"nuevos-aumentos-en-telefonia-internet-y-television-cuando-se-aplicaran-y-de-cuanto-seran","status":"publish","type":"post","link":"https:\/\/www.todoeldia.com\/index.php\/2022\/04\/25\/nuevos-aumentos-en-telefonia-internet-y-television-cuando-se-aplicaran-y-de-cuanto-seran\/","title":{"rendered":"Nuevos aumentos en telefon\u00eda, internet y televisi\u00f3n: cu\u00e1ndo se aplicar\u00e1n y de cu\u00e1nto ser\u00e1n"},"content":{"rendered":"\n<p>La medida fue anunciada a trav\u00e9s de la Resoluci\u00f3n 725\/2022, publicada este lunes en el Bolet\u00edn Oficial. Seg\u00fan el documento, ser\u00e1n dos aumentos de 9,5% cada uno, a aplicarse en mayo y julio pr\u00f3ximos.<\/p>\n\n\n\n<p>Las primeras horas de este lunes, se anunci\u00f3 una nueva medida a trav\u00e9s de la Resoluci\u00f3n 725\/2022, publicada en el Bolet\u00edn Oficial. La misma tiene que ver con la llegada de dos nuevos aumentos para las tarifas de internet, telefon\u00eda fija y m\u00f3vil, y televisi\u00f3n por cable y satelital.<\/p>\n\n\n\n<p>El Gobierno se\u00f1al\u00f3 que, correspond\u00eda autorizar nuevos incrementos, ya que se deb\u00eda tener en cuenta el enorme esfuerzo que las prestadoras del sector realizan para acompa\u00f1ar las distintas medidas de contenci\u00f3n de la pandemia, Por su parte, las subas ser\u00e1n de un 9,5%, seg\u00fan se puede leer en el documento compartido y se aplicar\u00e1n en mayo y julio pr\u00f3ximos.<\/p>\n\n\n\n<p>Pero eso no es todo, tambi\u00e9n se dispuso un incremento espec\u00edfico de los valores m\u00e1ximos que pueden cobrar las compa\u00f1\u00edas de telefon\u00eda celular en la modalidad prepaga. Es as\u00ed como, a partir de la factura correspondiente a mayo, podr\u00e1n aplicar el primero de los aumentos, para cualquiera de sus planes en las modalidades pospagas y mixtas.<\/p>\n\n\n\n<p>Mientras que en julio, podr\u00e1n volver a aplicar el incremento de sus precios, tomando como referencia los valores actualizados, dando una suba acumulada de 19%. Lo mismo suceder\u00e1 con las licenciatarias de internet, telefon\u00eda fija, televisi\u00f3n por cable y satelital.<\/p>\n\n\n\n<p>El Ente Nacional de Comunicaciones (ENACOM), organismo encargado de regular el precio de esos servicios, advirti\u00f3 que cualquier cambio que las empresas realicen sobre sus planes, precios y condiciones comerciales, relacionado con los incrementos aprobados en la Resoluci\u00f3n, deber\u00e1n ser comunicados a las autoridades nacionales.<\/p>\n\n\n\n<p>Finalmente, el Poder Ejecutivo advirti\u00f3 a las compa\u00f1\u00edas que incumplir con esta medida, publicada en la Bolet\u00edn Oficial durante las primeras horas del lunes, se entender\u00e1 como una cuesti\u00f3n violatoria de los derechos de los clientes y las clientas e incumplimiento de las obligaciones de los prestadores y dar\u00e1 lugar a la aplicaci\u00f3n de las sanciones.<\/p>\n","protected":false},"excerpt":{"rendered":"<p>La medida fue anunciada a trav\u00e9s de la Resoluci\u00f3n 725\/2022, publicada este lunes en el Bolet\u00edn Oficial. Seg\u00fan el documento, ser\u00e1n dos aumentos de 9,5% cada uno, a aplicarse en mayo y julio pr\u00f3ximos. Las primeras horas de este lunes, se anunci\u00f3 una nueva medida a trav\u00e9s de la Resoluci\u00f3n 725\/2022, publicada en el Bolet\u00edn [&hellip;]<\/p>\n","protected":false},"author":2,"featured_media":37799,"comment_status":"open","ping_status":"open","sticky":false,"template":"","format":"standard","meta":{"tdm_status":"","tdm_grid_status":"","_joinchat":[],"footnotes":""},"categories":[60],"tags":[],"class_list":{"0":"post-37798","1":"post","2":"type-post","3":"status-publish","4":"format-standard","5":"has-post-thumbnail","7":"category-economia"},"amp_enabled":true,"_links":{"self":[{"href":"https:\/\/www.todoeldia.com\/index.php\/wp-json\/wp\/v2\/posts\/37798","targetHints":{"allow":["GET"]}}],"collection":[{"href":"https:\/\/www.todoeldia.com\/index.php\/wp-json\/wp\/v2\/posts"}],"about":[{"href":"https:\/\/www.todoeldia.com\/index.php\/wp-json\/wp\/v2\/types\/post"}],"author":[{"embeddable":true,"href":"https:\/\/www.todoeldia.com\/index.php\/wp-json\/wp\/v2\/users\/2"}],"replies":[{"embeddable":true,"href":"https:\/\/www.todoeldia.com\/index.php\/wp-json\/wp\/v2\/comments?post=37798"}],"version-history":[{"count":1,"href":"https:\/\/www.todoeldia.com\/index.php\/wp-json\/wp\/v2\/posts\/37798\/revisions"}],"predecessor-version":[{"id":37800,"href":"https:\/\/www.todoeldia.com\/index.php\/wp-json\/wp\/v2\/posts\/37798\/revisions\/37800"}],"wp:featuredmedia":[{"embeddable":true,"href":"https:\/\/www.todoeldia.com\/index.php\/wp-json\/wp\/v2\/media\/37799"}],"wp:attachment":[{"href":"https:\/\/www.todoeldia.com\/index.php\/wp-json\/wp\/v2\/media?parent=37798"}],"wp:term":[{"taxonomy":"category","embeddable":true,"href":"https:\/\/www.todoeldia.com\/index.php\/wp-json\/wp\/v2\/categories?post=37798"},{"taxonomy":"post_tag","embeddable":true,"href":"https:\/\/www.todoeldia.com\/index.php\/wp-json\/wp\/v2\/tags?post=37798"}],"curies":[{"name":"wp","href":"https:\/\/api.w.org\/{rel}","templated":true}]}}