{"id":38137,"date":"2022-04-29T14:42:52","date_gmt":"2022-04-29T17:42:52","guid":{"rendered":"https:\/\/www.todoeldia.com\/?p=38137"},"modified":"2022-04-29T14:42:53","modified_gmt":"2022-04-29T17:42:53","slug":"lo-agarraron-con-el-secarropa-al-hombro","status":"publish","type":"post","link":"https:\/\/www.todoeldia.com\/index.php\/2022\/04\/29\/lo-agarraron-con-el-secarropa-al-hombro\/","title":{"rendered":"Lo agarraron con el secarropa al hombro"},"content":{"rendered":"\n<p>En la madrugada de hoy la Polic\u00eda aprehendi\u00f3 a un hombre cuando transportaba un secarropa que hab\u00eda sustra\u00eddo desde una vivienda del barrio Pereyra Rosas.<\/p>\n\n\n\n<p>Pasadas las 2.00 de la madrugada un llamado al Sistema de Emergencia 9-1-1 alert\u00f3 la presencia de un hombre transportando un secarropa.<\/p>\n\n\n\n<p>Con las caracter\u00edsticas del sospechoso lograron su aprehensi\u00f3n y el secuestro del electrodom\u00e9stico que hab\u00eda sustra\u00eddo desde una vivienda ubicada en el barrio Pereyra Rosas. La propietaria radic\u00f3 denuncia.<\/p>\n\n\n\n<p>Interviene la Fiscal\u00eda Penal N\u00b0 2 quien dispuso la restituci\u00f3n del elemento secuestrado a la damnificada.<\/p>\n","protected":false},"excerpt":{"rendered":"<p>En la madrugada de hoy la Polic\u00eda aprehendi\u00f3 a un hombre cuando transportaba un secarropa que hab\u00eda sustra\u00eddo desde una vivienda del barrio Pereyra Rosas. Pasadas las 2.00 de la madrugada un llamado al Sistema de Emergencia 9-1-1 alert\u00f3 la presencia de un hombre transportando un secarropa. Con las caracter\u00edsticas del sospechoso lograron su aprehensi\u00f3n [&hellip;]<\/p>\n","protected":false},"author":2,"featured_media":38138,"comment_status":"open","ping_status":"open","sticky":false,"template":"","format":"standard","meta":{"tdm_status":"","tdm_grid_status":"","_joinchat":[],"footnotes":""},"categories":[63],"tags":[],"class_list":{"0":"post-38137","1":"post","2":"type-post","3":"status-publish","4":"format-standard","5":"has-post-thumbnail","7":"category-policiales"},"amp_enabled":true,"_links":{"self":[{"href":"https:\/\/www.todoeldia.com\/index.php\/wp-json\/wp\/v2\/posts\/38137","targetHints":{"allow":["GET"]}}],"collection":[{"href":"https:\/\/www.todoeldia.com\/index.php\/wp-json\/wp\/v2\/posts"}],"about":[{"href":"https:\/\/www.todoeldia.com\/index.php\/wp-json\/wp\/v2\/types\/post"}],"author":[{"embeddable":true,"href":"https:\/\/www.todoeldia.com\/index.php\/wp-json\/wp\/v2\/users\/2"}],"replies":[{"embeddable":true,"href":"https:\/\/www.todoeldia.com\/index.php\/wp-json\/wp\/v2\/comments?post=38137"}],"version-history":[{"count":1,"href":"https:\/\/www.todoeldia.com\/index.php\/wp-json\/wp\/v2\/posts\/38137\/revisions"}],"predecessor-version":[{"id":38139,"href":"https:\/\/www.todoeldia.com\/index.php\/wp-json\/wp\/v2\/posts\/38137\/revisions\/38139"}],"wp:featuredmedia":[{"embeddable":true,"href":"https:\/\/www.todoeldia.com\/index.php\/wp-json\/wp\/v2\/media\/38138"}],"wp:attachment":[{"href":"https:\/\/www.todoeldia.com\/index.php\/wp-json\/wp\/v2\/media?parent=38137"}],"wp:term":[{"taxonomy":"category","embeddable":true,"href":"https:\/\/www.todoeldia.com\/index.php\/wp-json\/wp\/v2\/categories?post=38137"},{"taxonomy":"post_tag","embeddable":true,"href":"https:\/\/www.todoeldia.com\/index.php\/wp-json\/wp\/v2\/tags?post=38137"}],"curies":[{"name":"wp","href":"https:\/\/api.w.org\/{rel}","templated":true}]}}