{"id":39644,"date":"2022-05-26T10:27:43","date_gmt":"2022-05-26T13:27:43","guid":{"rendered":"https:\/\/www.todoeldia.com\/?p=39644"},"modified":"2022-05-26T10:33:12","modified_gmt":"2022-05-26T13:33:12","slug":"investigan-al-fiscal-federal-francisco-snopek-por-violencia-de-genero-y-encerrar-policias-en-su-casa","status":"publish","type":"post","link":"https:\/\/www.todoeldia.com\/index.php\/2022\/05\/26\/investigan-al-fiscal-federal-francisco-snopek-por-violencia-de-genero-y-encerrar-policias-en-su-casa\/","title":{"rendered":"Investigan al Fiscal Federal, Francisco Snopek por violencia de g\u00e9nero y encerrar polic\u00edas en su casa"},"content":{"rendered":"\n<p>Se lo acusa de violencia de g\u00e9nero contra su pareja y de privaci\u00f3n ilegal de la libertad a tres agentes salte\u00f1os que acudieron tras un llamado al 911.<\/p>\n\n\n\n<p>El Ministerio P\u00fablico Fiscal investiga dos denuncias radicadas por personal de Polic\u00eda de Salta en contra de un fiscal General Federal por amenazas y privaci\u00f3n ileg\u00edtima de la libertad; como as\u00ed tambi\u00e9n los presuntos\u00a0 episodios eventualmente contemplados por el r\u00e9gimen protectorio contra la violencia familiar y de genero.<\/p>\n\n\n\n<p>Las acusaciones formales fueron radicadas por miembros de la Polic\u00eda de la Provincia, resultando en principio competencia en virtud de su contenido material de una fiscal\u00eda com\u00fan; no obstante ello, igualmente y por tratarse de un id\u00e9ntico hecho hist\u00f3rico, el martes pasado fueron remitidas y concentradas en la Fiscal\u00eda Penal 2 de Violencia Familiar y de G\u00e9nero.<\/p>\n\n\n\n<p>EL d\u00eda martes 24 pasado, su titular, Luj\u00e1n Sodero, convoc\u00f3 a la esposa del hombre el martes 24 en horas de la ma\u00f1ana al MPF, en donde mantuvo una extensa entrevista con la misma.<\/p>\n\n\n\n<p>A pesar de la negativa de la posible v\u00edctima a radicar denuncia, igualmente se le brind\u00f3 contenci\u00f3n, asistencia y asesoramiento sobre distintos aspectos relacionados a la violencia de g\u00e9nero y las medidas de protecci\u00f3n.<\/p>\n\n\n\n<p>Tambi\u00e9n se dispuso la intervenci\u00f3n de un equipo interdisciplinario para realizar un informe de riesgo, que ya obra en poder de la Fiscal, y se encuentra ya incorporado desde el mismo martes 24 a las actuaciones labradas.<\/p>\n\n\n\n<p>Adem\u00e1s, y mas all\u00e1 de las medidas ya dispuestas, la fiscal interviniente analiza igualmente avanzar en las actuaciones por advertirse delitos de acci\u00f3n p\u00fablica y por la violencia de g\u00e9nero como una cuesti\u00f3n de inter\u00e9s p\u00fablico.<\/p>\n\n\n\n<figure class=\"wp-block-image is-resized\"><img loading=\"lazy\" decoding=\"async\" src=\"https:\/\/cloudfront-us-east-1.images.arcpublishing.com\/infobae\/ML7WVCLLDNAFBC45FTLN3HDMKA.jpg\" alt=\"Snopek tiene 42 a\u00f1os y dos hijos con dos mujeres \" width=\"914\" height=\"514\"\/><figcaption>Snopek tiene 42 a\u00f1os y dos hijos con dos mujeres<\/figcaption><\/figure>\n\n\n\n<p>Inicialmente, las denuncias fueron derivadas a la Fiscal\u00eda Penal N\u00b0 1, pero dado que la situaci\u00f3n que ocasion\u00f3 la presencia de las Fuerzas de Seguridad se encuentra relacionada con el posible caso de violencia de g\u00e9nero, la causa fue unificada en la Fiscal\u00eda Penal de Violencia Familiar y de G\u00e9nero 2, a cargo de Luj\u00e1n Sodero.<\/p>\n\n\n\n<p>Los hechos<\/p>\n\n\n\n<p>La primera de las denuncias fue efectuada el lunes 23 de mayo por tres efectivos de la Fuerza de Seguridad que concurrieron a un domicilio de un barrio de la zona Oeste ante el llamado al Sistema de Emergencias 911. Al arribar al lugar, el hombre asegur\u00f3 que su esposa lo habr\u00eda violentado y arrojado objetos por lo que decidi\u00f3 convocar a la Polic\u00eda.<\/p>\n\n\n\n<p>Al entrevistarse con la mujer, esta dio otra versi\u00f3n de los hechos, asegurando que su marido la hab\u00eda empujado luego de solicitarle que bajara a la planta baja de la vivienda a limpiar un l\u00edquido.<\/p>\n\n\n\n<p>La mujer se neg\u00f3 a radicar denuncia contra su esposo y a ser examinada por un m\u00e9dico, por lo que los oficiales de Polic\u00eda labraron un acta de declaraci\u00f3n. Seg\u00fan relataron, que mientras escrib\u00eda, el Fiscal General Federal los habr\u00eda empujado, amenazado y cerr\u00f3 la puerta de ingreso, impidiendo que los tres agentes salieran de la vivienda.<\/p>\n\n\n\n<p>Finalmente, la mujer abandon\u00f3 el lugar con un familiar y junto a su hijo de cuatro meses.<\/p>\n\n\n\n<p>La segunda denuncia, que fue registrada a las 7 del 23 de mayo, la radic\u00f3 otro de los agentes policiales por amenazas en contra del Fiscal Federal.<\/p>\n\n\n\n<p>Se aclara tambi\u00e9n que en ninguna circunstancia se dispuso o impartieron instrucciones por parte de ning\u00fan funcionario del ministerio p\u00fablico relacionadas a dejar sin efecto actuaciones o su desestimaci\u00f3n; disponi\u00e9ndose las medias oportunas ante el caso acontecido, y sin perjuicio de las que se continuar\u00e1n ejecutando.<\/p>\n\n\n\n<p>La noticia lleg\u00f3 a los medios nacionales y seg\u00fan lo publicado por INFOBAE Snopek es un apellido del poder del Noroeste argentino, especialmente en Jujuy. El fiscal acusado fue trasladado a Salta luego de que\u00a0fuera investigado tambi\u00e9n por violencia de g\u00e9nero contra una empleada de su fiscal\u00eda. En ese caso, la investigaci\u00f3n disciplinaria de la Procuraci\u00f3n General de la Naci\u00f3n se cerr\u00f3 sin ning\u00fan tipo de castigo o apercibimiento contra el funcionario.\u00a0\u201cY el expediente penal misteriosamente desapareci\u00f3\u201d, coment\u00f3 una fuente judicial de Salta. Tambi\u00e9n tiene casos de violencia contra su ex esposa y contra una defensora oficial de Salta.<\/p>\n\n\n\n<p>Los que lo conocen dicen que Snopek tiene serios problemas de consumo problem\u00e1tico de alcohol desde hace a\u00f1os, que en el mundo judicial y social del Noroeste se sabe y que siempre le dispara actitudes violentas.\u00a0\u201cSab\u00edamos que iba a pasar, era cuesti\u00f3n de tiempo, tambi\u00e9n ha tenido episodios violentos en asados con colegas o amigos\u201d, coment\u00f3 un allegado, quien lo describi\u00f3 como alguien\u00a0\u201cmuy soberbio que no escucha nadie\u201d.<\/p>\n\n\n\n<p>Este caso se mantiene bajo un fuerte hermetismo, tanto desde la fiscal\u00eda que lo investiga como desde la Polic\u00eda de Salta. Sin embargo, las fuentes consultadas insinuaron que la investigaci\u00f3n seguir\u00e1 su curso: buscaban certificar durante este mi\u00e9rcoles feriado d\u00f3nde est\u00e1 en este momento la presunta v\u00edctima de la violencia de Snopek.<\/p>\n","protected":false},"excerpt":{"rendered":"<p>Se lo acusa de violencia de g\u00e9nero contra su pareja y de privaci\u00f3n ilegal de la libertad a tres agentes salte\u00f1os que acudieron tras un llamado al 911. El Ministerio P\u00fablico Fiscal investiga dos denuncias radicadas por personal de Polic\u00eda de Salta en contra de un fiscal General Federal por amenazas y privaci\u00f3n ileg\u00edtima de [&hellip;]<\/p>\n","protected":false},"author":2,"featured_media":39645,"comment_status":"open","ping_status":"open","sticky":false,"template":"","format":"standard","meta":{"tdm_status":"","tdm_grid_status":"","_joinchat":[],"footnotes":""},"categories":[73],"tags":[],"class_list":{"0":"post-39644","1":"post","2":"type-post","3":"status-publish","4":"format-standard","5":"has-post-thumbnail","7":"category-noticias-general"},"amp_enabled":true,"_links":{"self":[{"href":"https:\/\/www.todoeldia.com\/index.php\/wp-json\/wp\/v2\/posts\/39644","targetHints":{"allow":["GET"]}}],"collection":[{"href":"https:\/\/www.todoeldia.com\/index.php\/wp-json\/wp\/v2\/posts"}],"about":[{"href":"https:\/\/www.todoeldia.com\/index.php\/wp-json\/wp\/v2\/types\/post"}],"author":[{"embeddable":true,"href":"https:\/\/www.todoeldia.com\/index.php\/wp-json\/wp\/v2\/users\/2"}],"replies":[{"embeddable":true,"href":"https:\/\/www.todoeldia.com\/index.php\/wp-json\/wp\/v2\/comments?post=39644"}],"version-history":[{"count":2,"href":"https:\/\/www.todoeldia.com\/index.php\/wp-json\/wp\/v2\/posts\/39644\/revisions"}],"predecessor-version":[{"id":39648,"href":"https:\/\/www.todoeldia.com\/index.php\/wp-json\/wp\/v2\/posts\/39644\/revisions\/39648"}],"wp:featuredmedia":[{"embeddable":true,"href":"https:\/\/www.todoeldia.com\/index.php\/wp-json\/wp\/v2\/media\/39645"}],"wp:attachment":[{"href":"https:\/\/www.todoeldia.com\/index.php\/wp-json\/wp\/v2\/media?parent=39644"}],"wp:term":[{"taxonomy":"category","embeddable":true,"href":"https:\/\/www.todoeldia.com\/index.php\/wp-json\/wp\/v2\/categories?post=39644"},{"taxonomy":"post_tag","embeddable":true,"href":"https:\/\/www.todoeldia.com\/index.php\/wp-json\/wp\/v2\/tags?post=39644"}],"curies":[{"name":"wp","href":"https:\/\/api.w.org\/{rel}","templated":true}]}}