{"id":39956,"date":"2022-06-01T11:17:34","date_gmt":"2022-06-01T14:17:34","guid":{"rendered":"https:\/\/www.todoeldia.com\/?p=39956"},"modified":"2022-06-01T11:17:36","modified_gmt":"2022-06-01T14:17:36","slug":"fue-imputado-el-conductor-que-atropello-y-mato-a-una-mujer-sobre-avenida-paraguay","status":"publish","type":"post","link":"https:\/\/www.todoeldia.com\/index.php\/2022\/06\/01\/fue-imputado-el-conductor-que-atropello-y-mato-a-una-mujer-sobre-avenida-paraguay\/","title":{"rendered":"Fue imputado el conductor que atropell\u00f3 y mat\u00f3 a una mujer sobre avenida Paraguay"},"content":{"rendered":"\n<p>Un hombre de 49 a\u00f1os fue imputado por un hecho ocurrido en noviembre de 2021 a la altura del mercado Cofruthos. Una mujer de 65 a\u00f1os que se desplazaba en forma peatonal, fue embestida por el conductor y falleci\u00f3.<\/p>\n\n\n\n<p>El fiscal penal, Leandro Flores, lo imput\u00f3 en forma provisional como autor del delito de homicidio culposo por la conducci\u00f3n imprudente, negligente, antirreglamentaria de un veh\u00edculo con motor agravado por conducir en exceso de velocidad de m\u00e1s de treinta kil\u00f3metros por encima de la m\u00e1xima permitida en el lugar del hecho en perjuicio de una mujer de 65 a\u00f1os.<\/p>\n\n\n\n<p>El acusado, luego de conocer la imputaci\u00f3n en su contra, se abstuvo de declarar.<\/p>\n\n\n\n<p>El siniestro vial investigado ocurri\u00f3 el 9 de noviembre de 2021 sobre avenida Paraguay de la ciudad de Salta, cuando a la altura de Cofruthos, una mujer que se desplazaba de forma peatonal, muri\u00f3 tras ser impactada por un veh\u00edculo conducido por el acusado.<\/p>\n\n\n\n<p>De las pericias realizadas, se logr\u00f3 determinar que el conductor circulaba en exceso de velocidad, a 91,5 km\/h, cuando la velocidad m\u00e1xima permitida es de 60 km\/h.<\/p>\n","protected":false},"excerpt":{"rendered":"<p>Un hombre de 49 a\u00f1os fue imputado por un hecho ocurrido en noviembre de 2021 a la altura del mercado Cofruthos. Una mujer de 65 a\u00f1os que se desplazaba en forma peatonal, fue embestida por el conductor y falleci\u00f3. El fiscal penal, Leandro Flores, lo imput\u00f3 en forma provisional como autor del delito de homicidio [&hellip;]<\/p>\n","protected":false},"author":2,"featured_media":39957,"comment_status":"open","ping_status":"open","sticky":false,"template":"","format":"standard","meta":{"tdm_status":"","tdm_grid_status":"","_joinchat":[],"footnotes":""},"categories":[63],"tags":[],"class_list":{"0":"post-39956","1":"post","2":"type-post","3":"status-publish","4":"format-standard","5":"has-post-thumbnail","7":"category-policiales"},"amp_enabled":true,"_links":{"self":[{"href":"https:\/\/www.todoeldia.com\/index.php\/wp-json\/wp\/v2\/posts\/39956","targetHints":{"allow":["GET"]}}],"collection":[{"href":"https:\/\/www.todoeldia.com\/index.php\/wp-json\/wp\/v2\/posts"}],"about":[{"href":"https:\/\/www.todoeldia.com\/index.php\/wp-json\/wp\/v2\/types\/post"}],"author":[{"embeddable":true,"href":"https:\/\/www.todoeldia.com\/index.php\/wp-json\/wp\/v2\/users\/2"}],"replies":[{"embeddable":true,"href":"https:\/\/www.todoeldia.com\/index.php\/wp-json\/wp\/v2\/comments?post=39956"}],"version-history":[{"count":1,"href":"https:\/\/www.todoeldia.com\/index.php\/wp-json\/wp\/v2\/posts\/39956\/revisions"}],"predecessor-version":[{"id":39958,"href":"https:\/\/www.todoeldia.com\/index.php\/wp-json\/wp\/v2\/posts\/39956\/revisions\/39958"}],"wp:featuredmedia":[{"embeddable":true,"href":"https:\/\/www.todoeldia.com\/index.php\/wp-json\/wp\/v2\/media\/39957"}],"wp:attachment":[{"href":"https:\/\/www.todoeldia.com\/index.php\/wp-json\/wp\/v2\/media?parent=39956"}],"wp:term":[{"taxonomy":"category","embeddable":true,"href":"https:\/\/www.todoeldia.com\/index.php\/wp-json\/wp\/v2\/categories?post=39956"},{"taxonomy":"post_tag","embeddable":true,"href":"https:\/\/www.todoeldia.com\/index.php\/wp-json\/wp\/v2\/tags?post=39956"}],"curies":[{"name":"wp","href":"https:\/\/api.w.org\/{rel}","templated":true}]}}