{"id":40293,"date":"2022-06-07T19:40:00","date_gmt":"2022-06-07T22:40:00","guid":{"rendered":"https:\/\/www.todoeldia.com\/?p=40293"},"modified":"2022-06-07T19:40:03","modified_gmt":"2022-06-07T22:40:03","slug":"caso-sebastian-villa-la-fiscal-pedira-la-detencion-del-jugador-de-boca-juniors","status":"publish","type":"post","link":"https:\/\/www.todoeldia.com\/index.php\/2022\/06\/07\/caso-sebastian-villa-la-fiscal-pedira-la-detencion-del-jugador-de-boca-juniors\/","title":{"rendered":"Caso Sebasti\u00e1n Villa: la fiscal pedir\u00e1 la detenci\u00f3n del jugador de Boca Juniors"},"content":{"rendered":"\n<p>Luego de la pericia psiqui\u00e1trica al delantero colombiano, Vanesa Gonz\u00e1lez le solicitar\u00e1 a la Justicia de Garant\u00edas que arreste al futbolista. Est\u00e1 acusado de abuso sexual con acceso carnal.<\/p>\n\n\n\n<p>La fiscal Vanesa Gonz\u00e1lez le pedir\u00e1 a la Justicia de Garant\u00edas de Lomas de Zamora la detenci\u00f3n del delantero de Boca Juniors Sebasti\u00e1n Villa, acusado de abuso sexual con acceso carnal tras la denuncia de una joven con la que manten\u00eda una relaci\u00f3n, seg\u00fan informaron fuentes de la investigaci\u00f3n a Infobae. El ataque ocurri\u00f3 en 2021, en base al testimonio de la v\u00edctima.<\/p>\n\n\n\n<p>Ahora ser\u00e1 el juez que interviene en el caso quien definir\u00e1 si se convalida el arresto de Villa.<\/p>\n\n\n\n<p>Luego de la pericia psiqui\u00e1trica al futbolista colombiano, que determin\u00f3 que Villa tiene \u201cuna personalidad normal\u201d y \u201cno presenta patolog\u00eda psiqui\u00e1trica o trastornos mentales\u201d, era inminente el pedido de las fiscales de la UFI N\u00b03 de Esteban Echeverr\u00eda que investigan al colombiano.<\/p>\n\n\n\n<p>La denuncia contra Villa fue presentada por escrito el 13 de mayo pasado en la fiscal\u00eda del departamento judicial de Lomas de Zamora. La v\u00edctima luego la ratific\u00f3 de manera presencial en la fiscal\u00eda.<\/p>\n\n\n\n<p>La joven cont\u00f3 que todo ocurri\u00f3 la noche del 26 de junio de 2021 en el country \u201cVenado II\u201d de la localidad bonaerense de Canning, donde viv\u00eda el futbolista, y luego de un asado del que hab\u00edan participado otros jugadores del plantel.<\/p>\n","protected":false},"excerpt":{"rendered":"<p>Luego de la pericia psiqui\u00e1trica al delantero colombiano, Vanesa Gonz\u00e1lez le solicitar\u00e1 a la Justicia de Garant\u00edas que arreste al futbolista. Est\u00e1 acusado de abuso sexual con acceso carnal. La fiscal Vanesa Gonz\u00e1lez le pedir\u00e1 a la Justicia de Garant\u00edas de Lomas de Zamora la detenci\u00f3n del delantero de Boca Juniors Sebasti\u00e1n Villa, acusado de [&hellip;]<\/p>\n","protected":false},"author":2,"featured_media":39239,"comment_status":"open","ping_status":"open","sticky":false,"template":"","format":"standard","meta":{"tdm_status":"","tdm_grid_status":"","_joinchat":[],"footnotes":""},"categories":[63],"tags":[],"class_list":{"0":"post-40293","1":"post","2":"type-post","3":"status-publish","4":"format-standard","5":"has-post-thumbnail","7":"category-policiales"},"amp_enabled":true,"_links":{"self":[{"href":"https:\/\/www.todoeldia.com\/index.php\/wp-json\/wp\/v2\/posts\/40293","targetHints":{"allow":["GET"]}}],"collection":[{"href":"https:\/\/www.todoeldia.com\/index.php\/wp-json\/wp\/v2\/posts"}],"about":[{"href":"https:\/\/www.todoeldia.com\/index.php\/wp-json\/wp\/v2\/types\/post"}],"author":[{"embeddable":true,"href":"https:\/\/www.todoeldia.com\/index.php\/wp-json\/wp\/v2\/users\/2"}],"replies":[{"embeddable":true,"href":"https:\/\/www.todoeldia.com\/index.php\/wp-json\/wp\/v2\/comments?post=40293"}],"version-history":[{"count":1,"href":"https:\/\/www.todoeldia.com\/index.php\/wp-json\/wp\/v2\/posts\/40293\/revisions"}],"predecessor-version":[{"id":40294,"href":"https:\/\/www.todoeldia.com\/index.php\/wp-json\/wp\/v2\/posts\/40293\/revisions\/40294"}],"wp:featuredmedia":[{"embeddable":true,"href":"https:\/\/www.todoeldia.com\/index.php\/wp-json\/wp\/v2\/media\/39239"}],"wp:attachment":[{"href":"https:\/\/www.todoeldia.com\/index.php\/wp-json\/wp\/v2\/media?parent=40293"}],"wp:term":[{"taxonomy":"category","embeddable":true,"href":"https:\/\/www.todoeldia.com\/index.php\/wp-json\/wp\/v2\/categories?post=40293"},{"taxonomy":"post_tag","embeddable":true,"href":"https:\/\/www.todoeldia.com\/index.php\/wp-json\/wp\/v2\/tags?post=40293"}],"curies":[{"name":"wp","href":"https:\/\/api.w.org\/{rel}","templated":true}]}}