{"id":40295,"date":"2022-06-07T19:47:55","date_gmt":"2022-06-07T22:47:55","guid":{"rendered":"https:\/\/www.todoeldia.com\/?p=40295"},"modified":"2022-06-07T19:47:56","modified_gmt":"2022-06-07T22:47:56","slug":"alberto-fernandez-se-despego-no-me-gusto-lo-que-hizo-matias-kulfas","status":"publish","type":"post","link":"https:\/\/www.todoeldia.com\/index.php\/2022\/06\/07\/alberto-fernandez-se-despego-no-me-gusto-lo-que-hizo-matias-kulfas\/","title":{"rendered":"Alberto Fern\u00e1ndez se despeg\u00f3: \u201cNo me gust\u00f3 lo que hizo Mat\u00edas Kulfas\u201d"},"content":{"rendered":"\n<p>El Presidente se refiri\u00f3 a la salida del exministro de Desarrollo Productivo. Dijo que no comparte las cr\u00edticas del exfuncionario al kirchnerismo.<\/p>\n\n\n\n<p>Alberto Fern\u00e1ndez se refiri\u00f3 este martes a su decisi\u00f3n de despedir a Mat\u00edas Kulfas como ministro de Desarrollo Productivo. \u201cNo me gustan los off. No me gustan las cosas dichas por secreto, cuando un funcionario habla, tiene que hablar p\u00fablicamente. No me gust\u00f3 lo que hizo Mat\u00edas por eso tom\u00e9 la decisi\u00f3n que tom\u00e9\u201d, dijo el Presidente en la Casa Rosada.<\/p>\n\n\n\n<p>El mandatario le pidi\u00f3 el s\u00e1bado la renuncia a Kulfas luego de que Cristina Kirchner criticara al ministro por \u201cmentir sin dar la cara\u201d, en referencia a un mensaje en off the record difundido desde la cartera de Desarrollo Productivo. El texto apuntaba contra funcionarios K y los acusaba, en los hechos, de haber manipulado la licitaci\u00f3n del gasoducto N\u00e9stor Kirchner.<\/p>\n\n\n\n<p>\u201cLo que piensa Mat\u00edas es lo que piensa Mat\u00edas, no lo comparto\u201d, dijo el Presidente este martes, tras un saludo a los periodistas acreditados en la Casa Rosada. En su carta de renuncia, el exministro volvi\u00f3 a apuntar en las \u00faltimas horas contra Cristina Kirchner y sus funcionarios. La Justicia ya investiga presuntas irregularidades en la licitaci\u00f3n del gasoducto.<\/p>\n","protected":false},"excerpt":{"rendered":"<p>El Presidente se refiri\u00f3 a la salida del exministro de Desarrollo Productivo. Dijo que no comparte las cr\u00edticas del exfuncionario al kirchnerismo. Alberto Fern\u00e1ndez se refiri\u00f3 este martes a su decisi\u00f3n de despedir a Mat\u00edas Kulfas como ministro de Desarrollo Productivo. \u201cNo me gustan los off. No me gustan las cosas dichas por secreto, cuando [&hellip;]<\/p>\n","protected":false},"author":2,"featured_media":29427,"comment_status":"open","ping_status":"open","sticky":false,"template":"","format":"standard","meta":{"tdm_status":"","tdm_grid_status":"","_joinchat":[],"footnotes":""},"categories":[59],"tags":[],"class_list":{"0":"post-40295","1":"post","2":"type-post","3":"status-publish","4":"format-standard","5":"has-post-thumbnail","7":"category-politica"},"amp_enabled":true,"_links":{"self":[{"href":"https:\/\/www.todoeldia.com\/index.php\/wp-json\/wp\/v2\/posts\/40295","targetHints":{"allow":["GET"]}}],"collection":[{"href":"https:\/\/www.todoeldia.com\/index.php\/wp-json\/wp\/v2\/posts"}],"about":[{"href":"https:\/\/www.todoeldia.com\/index.php\/wp-json\/wp\/v2\/types\/post"}],"author":[{"embeddable":true,"href":"https:\/\/www.todoeldia.com\/index.php\/wp-json\/wp\/v2\/users\/2"}],"replies":[{"embeddable":true,"href":"https:\/\/www.todoeldia.com\/index.php\/wp-json\/wp\/v2\/comments?post=40295"}],"version-history":[{"count":1,"href":"https:\/\/www.todoeldia.com\/index.php\/wp-json\/wp\/v2\/posts\/40295\/revisions"}],"predecessor-version":[{"id":40296,"href":"https:\/\/www.todoeldia.com\/index.php\/wp-json\/wp\/v2\/posts\/40295\/revisions\/40296"}],"wp:featuredmedia":[{"embeddable":true,"href":"https:\/\/www.todoeldia.com\/index.php\/wp-json\/wp\/v2\/media\/29427"}],"wp:attachment":[{"href":"https:\/\/www.todoeldia.com\/index.php\/wp-json\/wp\/v2\/media?parent=40295"}],"wp:term":[{"taxonomy":"category","embeddable":true,"href":"https:\/\/www.todoeldia.com\/index.php\/wp-json\/wp\/v2\/categories?post=40295"},{"taxonomy":"post_tag","embeddable":true,"href":"https:\/\/www.todoeldia.com\/index.php\/wp-json\/wp\/v2\/tags?post=40295"}],"curies":[{"name":"wp","href":"https:\/\/api.w.org\/{rel}","templated":true}]}}