{"id":40303,"date":"2022-06-07T20:19:54","date_gmt":"2022-06-07T23:19:54","guid":{"rendered":"https:\/\/www.todoeldia.com\/?p=40303"},"modified":"2022-06-07T20:20:37","modified_gmt":"2022-06-07T23:20:37","slug":"el-video-de-como-se-desploma-un-puente-colgante-durante-la-inauguracion","status":"publish","type":"post","link":"https:\/\/www.todoeldia.com\/index.php\/2022\/06\/07\/el-video-de-como-se-desploma-un-puente-colgante-durante-la-inauguracion\/","title":{"rendered":"El video de c\u00f3mo se desploma un puente colgante durante la inauguraci\u00f3n"},"content":{"rendered":"\n<p>El hecho ocurri\u00f3 en el paseo Morelos, en M\u00e9xico. Hay una veintena de heridos.<\/p>\n\n\n\n<p>Un puente colgante se vino abajo en el estado mexicano de Morelos durante su reinauguraci\u00f3n. El desplome caus\u00f3 una veintena de heridos, inform\u00f3 el diario El Universal.<\/p>\n\n\n\n<p>Entre las v\u00edctimas se encuentra el presidente municipal de Cuernavaca, Jos\u00e9 Luis Uri\u00f3stegui Salgado, su esposa Luz Mar\u00eda Zagal, cuatro regidores (concejales) y la s\u00edndico municipal.<\/p>\n\n\n\n<p>Se trata del puente de madera del Paseo Ribere\u00f1o de la ciudad de Cuernavaca, capital del estado de Morelos. El paseo hab\u00eda sufrido da\u00f1os durante un terremoto ocurrido hace cinco a\u00f1os y estaba siendo reinaugurado cuando colaps\u00f3.<\/p>\n\n\n\n<p>El episodio ocurri\u00f3 a la vista de numerosas personas y fue grabado por varios invitados a trav\u00e9s de las c\u00e1maras de sus celulares.<\/p>\n\n\n\n<p>Uno de los videos muestra el momento exacto de la ca\u00edda del puente, a unos cuatro metros de altura, sobre un barranco y un curso de agua de poca profundidad.<\/p>\n\n\n\n<figure class=\"wp-block-embed is-type-video is-provider-youtube wp-block-embed-youtube wp-embed-aspect-16-9 wp-has-aspect-ratio\"><div class=\"wp-block-embed__wrapper\">\n<iframe loading=\"lazy\" title=\"PUENTE COLGANTE colapsa en CUERNAVACA durante REINAGURACI\u00d3N | EL PA\u00cdS\" width=\"696\" height=\"392\" src=\"https:\/\/www.youtube.com\/embed\/MEcGiSTka5s?feature=oembed\" frameborder=\"0\" allow=\"accelerometer; autoplay; clipboard-write; encrypted-media; gyroscope; picture-in-picture\" allowfullscreen><\/iframe>\n<\/div><\/figure>\n\n\n\n<p><\/p>\n\n\n\n<p>La ca\u00edda provoc\u00f3 momentos de p\u00e1nico con gente gritando y otras personas que, desde arriba, preguntaban si hab\u00eda heridos.<\/p>\n\n\n\n<p>Incluso se escuchan gritos pidiendo a los testigos que dejaran de grabar.<\/p>\n\n\n\n<p>El puente colgante de madera se rompi\u00f3 justo cuando las autoridades realizaban el recorrido y pronunciaban los mensajes oficiales. Los heridos fueron trasladados a diferentes hospitales de la zona.<\/p>\n\n\n\n<p>El gobernador de Morelos, el exfutbolista de la selecci\u00f3n mexicana Cuauht\u00e9moc Blanco, lament\u00f3 el accidente y dese\u00f3 \u201cde coraz\u00f3n que no existan heridos de gravedad\u201d.<\/p>\n\n\n\n<figure class=\"wp-block-image is-resized\"><img loading=\"lazy\" decoding=\"async\" src=\"https:\/\/tn.com.ar\/resizer\/h_zmKP6uryqUSXW1KANFXcyxhhA=\/767x0\/smart\/cloudfront-us-east-1.images.arcpublishing.com\/artear\/R4XDIOQPJNHDFJBDAKS4MFKTRY.webp\" alt=\"Uno de los heridos es transportado en camilla tras el accidente (Foto: El Universal)\" width=\"913\" height=\"598\"\/><figcaption>Uno de los heridos es transportado en camilla tras el accidente<\/figcaption><\/figure>\n\n\n\n<p>Con la reapertura del Paseo Ribere\u00f1o se ten\u00eda previsto ofrecer los fines de semana eventos musicales, y recorridos nocturnas, entre otras actividades.<\/p>\n\n\n\n<p>En marzo del a\u00f1o pasado, el gobernador y el presidente municipal de Cuernavaca, Antonio Villalobos Ad\u00e1n, firmaron un convenio para rescatar el \u00e1rea peatonal de la barranca de Amanalco, afectada por el sismo del 19 de septiembre de 2017.<\/p>\n","protected":false},"excerpt":{"rendered":"<p>El hecho ocurri\u00f3 en el paseo Morelos, en M\u00e9xico. Hay una veintena de heridos. Un puente colgante se vino abajo en el estado mexicano de Morelos durante su reinauguraci\u00f3n. El desplome caus\u00f3 una veintena de heridos, inform\u00f3 el diario El Universal. Entre las v\u00edctimas se encuentra el presidente municipal de Cuernavaca, Jos\u00e9 Luis Uri\u00f3stegui Salgado, [&hellip;]<\/p>\n","protected":false},"author":2,"featured_media":40304,"comment_status":"open","ping_status":"open","sticky":false,"template":"","format":"standard","meta":{"tdm_status":"","tdm_grid_status":"","_joinchat":[],"footnotes":""},"categories":[73],"tags":[],"class_list":{"0":"post-40303","1":"post","2":"type-post","3":"status-publish","4":"format-standard","5":"has-post-thumbnail","7":"category-noticias-general"},"amp_enabled":true,"_links":{"self":[{"href":"https:\/\/www.todoeldia.com\/index.php\/wp-json\/wp\/v2\/posts\/40303","targetHints":{"allow":["GET"]}}],"collection":[{"href":"https:\/\/www.todoeldia.com\/index.php\/wp-json\/wp\/v2\/posts"}],"about":[{"href":"https:\/\/www.todoeldia.com\/index.php\/wp-json\/wp\/v2\/types\/post"}],"author":[{"embeddable":true,"href":"https:\/\/www.todoeldia.com\/index.php\/wp-json\/wp\/v2\/users\/2"}],"replies":[{"embeddable":true,"href":"https:\/\/www.todoeldia.com\/index.php\/wp-json\/wp\/v2\/comments?post=40303"}],"version-history":[{"count":2,"href":"https:\/\/www.todoeldia.com\/index.php\/wp-json\/wp\/v2\/posts\/40303\/revisions"}],"predecessor-version":[{"id":40306,"href":"https:\/\/www.todoeldia.com\/index.php\/wp-json\/wp\/v2\/posts\/40303\/revisions\/40306"}],"wp:featuredmedia":[{"embeddable":true,"href":"https:\/\/www.todoeldia.com\/index.php\/wp-json\/wp\/v2\/media\/40304"}],"wp:attachment":[{"href":"https:\/\/www.todoeldia.com\/index.php\/wp-json\/wp\/v2\/media?parent=40303"}],"wp:term":[{"taxonomy":"category","embeddable":true,"href":"https:\/\/www.todoeldia.com\/index.php\/wp-json\/wp\/v2\/categories?post=40303"},{"taxonomy":"post_tag","embeddable":true,"href":"https:\/\/www.todoeldia.com\/index.php\/wp-json\/wp\/v2\/tags?post=40303"}],"curies":[{"name":"wp","href":"https:\/\/api.w.org\/{rel}","templated":true}]}}