{"id":40458,"date":"2022-06-09T15:14:15","date_gmt":"2022-06-09T18:14:15","guid":{"rendered":"https:\/\/www.todoeldia.com\/?p=40458"},"modified":"2022-06-09T15:14:24","modified_gmt":"2022-06-09T18:14:24","slug":"un-periodista-fue-a-cubrir-un-accidente-de-transito-y-se-entero-en-vivo-que-la-victima-era-su-hijo","status":"publish","type":"post","link":"https:\/\/www.todoeldia.com\/index.php\/2022\/06\/09\/un-periodista-fue-a-cubrir-un-accidente-de-transito-y-se-entero-en-vivo-que-la-victima-era-su-hijo\/","title":{"rendered":"Un periodista fue a cubrir un accidente de tr\u00e1nsito y se enter\u00f3 en vivo que la v\u00edctima era su hijo"},"content":{"rendered":"\n<p>El inusual y dram\u00e1tico episodio sucedi\u00f3 durante una transmisi\u00f3n en vivo en San Pablo, Brasil.<\/p>\n\n\n\n<p>Una peque\u00f1a ciudad brasile\u00f1a de San Pablo se convirti\u00f3 en noticia en las \u00faltimas horas a ra\u00edz de un dram\u00e1tico accidente. En medio de una cobertura por un choque entre un auto y un cami\u00f3n, un periodista descubri\u00f3 en vivo que la v\u00edctima fatal era su hijo.<\/p>\n\n\n\n<figure class=\"wp-block-embed is-type-video is-provider-youtube wp-block-embed-youtube wp-embed-aspect-16-9 wp-has-aspect-ratio\"><div class=\"wp-block-embed__wrapper\">\n<iframe loading=\"lazy\" title=\"Jornalista faz cobertura de acidente e descobre morte do filho | Primeiro Impacto (09\/06\/22)\" width=\"696\" height=\"392\" src=\"https:\/\/www.youtube.com\/embed\/ToORrPScSaY?feature=oembed\" frameborder=\"0\" allow=\"accelerometer; autoplay; clipboard-write; encrypted-media; gyroscope; picture-in-picture\" allowfullscreen><\/iframe>\n<\/div><\/figure>\n\n\n\n<p>La transmisi\u00f3n, que estaba saliendo en directo a trav\u00e9s de la red social Facebook, se interrumpi\u00f3 de golpe. Unos momentos despu\u00e9s, desencajado, reapareci\u00f3 Carlos Alberto Baldassari para completar el relato que nunca imagin\u00f3 hacer.<\/p>\n\n\n\n<p>\u201cDesgraciadamente, en este mundo de la informaci\u00f3n, hay veces que tenemos que cubrir acontecimientos que implican a miembros de la familia. Por desgracia, hoy es mi hijo. Perdemos a Thiago y que Dios lo reciba con los brazos abiertos, es un buen chico, con un buen coraz\u00f3n\u201d, dijo emocionado.<\/p>\n\n\n\n<p>El joven ten\u00eda 32 a\u00f1os, estaba casado, ten\u00eda una hija de ocho a\u00f1os y otro beb\u00e9 en camino. Seg\u00fan indicaron los medios locales, su esposa est\u00e1 embarazada de tres meses.<\/p>\n\n\n\n<p>C\u00f3mo fue el tr\u00e1gico accidente<\/p>\n\n\n\n<p>El fatal accidente ocurri\u00f3 en la Rodovia Antonio Machado Sant\u2019Anna (SP-255) de Araraquara, una peque\u00f1a ciudad brasile\u00f1a de poco m\u00e1s de 200 mil habitantes. El cami\u00f3n choc\u00f3 de frente con el auto del hombre fallecido, un Volkswagen Gol, cerca de la entrada del Parque San Pablo.<\/p>\n\n\n\n<p>De acuerdo al testimonio del camionero, iba por el carril adicional de la v\u00eda cuando el veh\u00edculo conducido por la v\u00edctima se le cruz\u00f3 en el camino y provoc\u00f3 accidente.<\/p>\n\n\n\n<p>Los Bomberos y el Servicio de Atenci\u00f3n M\u00f3vil de Urgencias (Samu) trabajaron en el lugar pero pese al esfuerzo de los m\u00e9dicos emergent\u00f3gos no hubo forma de reanimar a Thiago, que muri\u00f3 en el acto por la violencia del impacto.<\/p>\n","protected":false},"excerpt":{"rendered":"<p>El inusual y dram\u00e1tico episodio sucedi\u00f3 durante una transmisi\u00f3n en vivo en San Pablo, Brasil. Una peque\u00f1a ciudad brasile\u00f1a de San Pablo se convirti\u00f3 en noticia en las \u00faltimas horas a ra\u00edz de un dram\u00e1tico accidente. En medio de una cobertura por un choque entre un auto y un cami\u00f3n, un periodista descubri\u00f3 en vivo [&hellip;]<\/p>\n","protected":false},"author":2,"featured_media":40460,"comment_status":"open","ping_status":"open","sticky":false,"template":"","format":"standard","meta":{"tdm_status":"","tdm_grid_status":"","_joinchat":[],"footnotes":""},"categories":[63],"tags":[],"class_list":{"0":"post-40458","1":"post","2":"type-post","3":"status-publish","4":"format-standard","5":"has-post-thumbnail","7":"category-policiales"},"amp_enabled":true,"_links":{"self":[{"href":"https:\/\/www.todoeldia.com\/index.php\/wp-json\/wp\/v2\/posts\/40458","targetHints":{"allow":["GET"]}}],"collection":[{"href":"https:\/\/www.todoeldia.com\/index.php\/wp-json\/wp\/v2\/posts"}],"about":[{"href":"https:\/\/www.todoeldia.com\/index.php\/wp-json\/wp\/v2\/types\/post"}],"author":[{"embeddable":true,"href":"https:\/\/www.todoeldia.com\/index.php\/wp-json\/wp\/v2\/users\/2"}],"replies":[{"embeddable":true,"href":"https:\/\/www.todoeldia.com\/index.php\/wp-json\/wp\/v2\/comments?post=40458"}],"version-history":[{"count":1,"href":"https:\/\/www.todoeldia.com\/index.php\/wp-json\/wp\/v2\/posts\/40458\/revisions"}],"predecessor-version":[{"id":40461,"href":"https:\/\/www.todoeldia.com\/index.php\/wp-json\/wp\/v2\/posts\/40458\/revisions\/40461"}],"wp:featuredmedia":[{"embeddable":true,"href":"https:\/\/www.todoeldia.com\/index.php\/wp-json\/wp\/v2\/media\/40460"}],"wp:attachment":[{"href":"https:\/\/www.todoeldia.com\/index.php\/wp-json\/wp\/v2\/media?parent=40458"}],"wp:term":[{"taxonomy":"category","embeddable":true,"href":"https:\/\/www.todoeldia.com\/index.php\/wp-json\/wp\/v2\/categories?post=40458"},{"taxonomy":"post_tag","embeddable":true,"href":"https:\/\/www.todoeldia.com\/index.php\/wp-json\/wp\/v2\/tags?post=40458"}],"curies":[{"name":"wp","href":"https:\/\/api.w.org\/{rel}","templated":true}]}}