{"id":40465,"date":"2022-06-09T22:25:59","date_gmt":"2022-06-10T01:25:59","guid":{"rendered":"https:\/\/www.todoeldia.com\/?p=40465"},"modified":"2022-06-09T22:26:00","modified_gmt":"2022-06-10T01:26:00","slug":"el-fiscal-general-federal-francisco-snopek-se-abstuvo-de-declarar","status":"publish","type":"post","link":"https:\/\/www.todoeldia.com\/index.php\/2022\/06\/09\/el-fiscal-general-federal-francisco-snopek-se-abstuvo-de-declarar\/","title":{"rendered":"El Fiscal General Federal Francisco Snopek se abstuvo de declarar"},"content":{"rendered":"\n<p>Antes de la audiencia de imputaci\u00f3n, el Fiscal federal, Francisco Snopek inform\u00f3 a la fiscal de Violencia Familiar y de G\u00e9nero, Luj\u00e1n Sodero, que present\u00f3 un planteo de excepci\u00f3n de previo y especial pronunciamiento en el Juzgado de Garant\u00edas 8, a cargo de Claudia Puertas, para la suspensi\u00f3n del acto.<\/p>\n\n\n\n<p>En el marco de la investigaci\u00f3n que lleva adelante la fiscal Penal de Violencia Familiar y de G\u00e9nero, Luj\u00e1n Sodero, el Fiscal General Federal se present\u00f3 esta tarde en el Ministerio P\u00fablico Fiscal a fin de prestar declaraci\u00f3n en audiencia imputativa.<\/p>\n\n\n\n<p>Antes de la apertura de la audiencia, el fiscal Federal y su abogado informaron a Sodero que hab\u00edan presentado un planteo de excepci\u00f3n de previo y especial pronunciamiento en el Juzgado de Garant\u00edas 8, a cargo de Claudia Puertas, para la suspensi\u00f3n del acto.<\/p>\n\n\n\n<p>Dado que ya la Fiscal\u00eda debi\u00f3 suspender en dos oportunidades la audiencia, Sodero decidi\u00f3 continuar con el procedimiento y tomarle declaraci\u00f3n al fiscal, quien finalmente se abstuvo de declarar hasta tanto el Juzgado de Garant\u00edas no resuelva sobre la excepci\u00f3n.<\/p>\n\n\n\n<p>Cabe recordar que el 31 de mayo pasado, el magistrado federal fue imputado por los delitos de lesiones leves agravadas por el v\u00ednculo y por la violencia de g\u00e9nero en concurso real, con da\u00f1os en concurso real, con privaci\u00f3n ileg\u00edtima de la libertad agravada y resistencia a la autoridad (estos dos \u00faltimos en concurso ideal entre s\u00ed). Al momento de declarar, el Fiscal Federal \u2013asistido por un Defensor P\u00fablico- solicit\u00f3 una pr\u00f3rroga para interiorizarse sobre las actuaciones y la prueba reunida, requerimiento que le fue concedido por la Fiscal, fij\u00e1ndose la audiencia para el lunes 6 de junio.<\/p>\n\n\n\n<p>El 6 de junio, el Fiscal Federal design\u00f3 un nuevo abogado particular que volvi\u00f3 a pedir una pr\u00f3rroga para conocer las actuaciones realizadas hasta el momento. Tal como establece el C\u00f3digo Penal, Sodero le concedi\u00f3 la nueva dilaci\u00f3n, fij\u00e1ndose como fecha definitiva el 9 de junio a las 14.<\/p>\n\n\n\n<p>Por otra parte, la defensa del fiscal Federal present\u00f3 un certificado m\u00e9dico y solicit\u00f3 que no se le practiquen pericias por los pr\u00f3ximos 30 d\u00edas por encontrarse en tratamiento.<\/p>\n\n\n\n<p>Mientras, el Ministerio P\u00fablico Fiscal contin\u00faa con la investigaci\u00f3n de los delitos da\u00f1os, privaci\u00f3n ileg\u00edtima de la libertad agravada y resistencia a la autoridad por ser de acci\u00f3n p\u00fablica. Tambi\u00e9n la Fiscal\u00eda avanza en la investigaci\u00f3n del delito de lesiones, pese a la ausencia por parte de la v\u00edctima, ya que \u201cdadas las particularidades del caso, en tanto se trata de violencia de g\u00e9nero con evaluaci\u00f3n de riesgo positiva, que obliga al Estado a intervenir atento los compromisos internacionales asumidos a trav\u00e9s de la Convenci\u00f3n de Bel\u00e9m do Par\u00e1, que permiten afirmar que estamos ante la excepcionalidad que prev\u00e9 la citada normativa en cuanto se trata de una cuesti\u00f3n de inter\u00e9s p\u00fablico que amerita y exige la actuaci\u00f3n oficiosa de los operadores jur\u00eddicos en su obligaci\u00f3n de prevenir, sancionar y erradicar la violencia de g\u00e9nero, a la par que deviene imperativa la protecci\u00f3n integral de la v\u00edctima\u201d.<\/p>\n","protected":false},"excerpt":{"rendered":"<p>Antes de la audiencia de imputaci\u00f3n, el Fiscal federal, Francisco Snopek inform\u00f3 a la fiscal de Violencia Familiar y de G\u00e9nero, Luj\u00e1n Sodero, que present\u00f3 un planteo de excepci\u00f3n de previo y especial pronunciamiento en el Juzgado de Garant\u00edas 8, a cargo de Claudia Puertas, para la suspensi\u00f3n del acto. En el marco de la [&hellip;]<\/p>\n","protected":false},"author":2,"featured_media":40466,"comment_status":"open","ping_status":"open","sticky":false,"template":"","format":"standard","meta":{"tdm_status":"","tdm_grid_status":"","_joinchat":[],"footnotes":""},"categories":[63],"tags":[],"class_list":{"0":"post-40465","1":"post","2":"type-post","3":"status-publish","4":"format-standard","5":"has-post-thumbnail","7":"category-policiales"},"amp_enabled":true,"_links":{"self":[{"href":"https:\/\/www.todoeldia.com\/index.php\/wp-json\/wp\/v2\/posts\/40465","targetHints":{"allow":["GET"]}}],"collection":[{"href":"https:\/\/www.todoeldia.com\/index.php\/wp-json\/wp\/v2\/posts"}],"about":[{"href":"https:\/\/www.todoeldia.com\/index.php\/wp-json\/wp\/v2\/types\/post"}],"author":[{"embeddable":true,"href":"https:\/\/www.todoeldia.com\/index.php\/wp-json\/wp\/v2\/users\/2"}],"replies":[{"embeddable":true,"href":"https:\/\/www.todoeldia.com\/index.php\/wp-json\/wp\/v2\/comments?post=40465"}],"version-history":[{"count":1,"href":"https:\/\/www.todoeldia.com\/index.php\/wp-json\/wp\/v2\/posts\/40465\/revisions"}],"predecessor-version":[{"id":40467,"href":"https:\/\/www.todoeldia.com\/index.php\/wp-json\/wp\/v2\/posts\/40465\/revisions\/40467"}],"wp:featuredmedia":[{"embeddable":true,"href":"https:\/\/www.todoeldia.com\/index.php\/wp-json\/wp\/v2\/media\/40466"}],"wp:attachment":[{"href":"https:\/\/www.todoeldia.com\/index.php\/wp-json\/wp\/v2\/media?parent=40465"}],"wp:term":[{"taxonomy":"category","embeddable":true,"href":"https:\/\/www.todoeldia.com\/index.php\/wp-json\/wp\/v2\/categories?post=40465"},{"taxonomy":"post_tag","embeddable":true,"href":"https:\/\/www.todoeldia.com\/index.php\/wp-json\/wp\/v2\/tags?post=40465"}],"curies":[{"name":"wp","href":"https:\/\/api.w.org\/{rel}","templated":true}]}}