{"id":40590,"date":"2022-06-14T14:14:21","date_gmt":"2022-06-14T17:14:21","guid":{"rendered":"https:\/\/www.todoeldia.com\/?p=40590"},"modified":"2022-06-14T14:14:22","modified_gmt":"2022-06-14T17:14:22","slug":"despues-de-12-anos-la-justicia-condeno-a-una-ex-directora-por-peculado-en-cachi","status":"publish","type":"post","link":"https:\/\/www.todoeldia.com\/index.php\/2022\/06\/14\/despues-de-12-anos-la-justicia-condeno-a-una-ex-directora-por-peculado-en-cachi\/","title":{"rendered":"Despu\u00e9s de 12 a\u00f1os la justicia conden\u00f3 a una ex directora por peculado en Cachi"},"content":{"rendered":"\n<p>En un procedimiento abreviado llevado a cabo en la Sala III del Tribunal de Juicio, Isabel Hortencia Bega (61) fue condenada a dos a\u00f1os de prisi\u00f3n condicional e inhabilitaci\u00f3n absoluta perpetua para ejercer cargos p\u00fablicos por resultar autora material y penalmente responsable del delito de peculado.<\/p>\n\n\n\n<p>El juez Pablo Farah homolog\u00f3 el acuerdo civil propuesto por las partes y le impuso a la condenada, por el t\u00e9rmino de dos a\u00f1os, las siguientes reglas de conducta: fijar domicilio y someterse al control del Programa de inserci\u00f3n social y supervisi\u00f3n de presos y liberados.<\/p>\n\n\n\n<p>En representaci\u00f3n del Ministerio P\u00fablico Fiscal intervino la fiscal penal de la Unidad de Delitos Econ\u00f3micos, Ana In\u00e9s Salinas. La imputada fue asistida por Gustavo Mart\u00ednez. Ejerciendo la acci\u00f3n civil por la damnificada Provincia de Salta intervino Mar\u00eda Virginia Cabral, de la Fiscal\u00eda del Estado.&nbsp;&nbsp;&nbsp;<\/p>\n\n\n\n<p>Durante el juicio abreviado, la acusada expres\u00f3 su conformidad con las implicancias del acuerdo al que arribaron las partes y admiti\u00f3 su culpabilidad en el hecho juzgado.<\/p>\n\n\n\n<p>Las actuaciones se iniciaron por un expediente caratulado \u201cEscuela 4063 Dr. Victorino de la Plaza, Dpto. Cachi s\/ Irregularidades en el manejo de fondos detectados por cambio de direcci\u00f3n\u201d, efectuado por el Ministerio de Educaci\u00f3n, Ciencia y Tecnolog\u00eda de la Provincia de Salta.<\/p>\n\n\n\n<p>La investigaci\u00f3n comenz\u00f3 a ra\u00edz de las notas y actas presentadas por la directora interina de la escuela, correspondientes al a\u00f1o 2010, cuando la direcci\u00f3n se encontraba a cargo de Isabel Hortensia Bega de Vargas. En ellas se denunciaban irregularidades en la rendici\u00f3n de fondos del Programa PIIE (Programa Integral para la Igualdad Educativa). Se advert\u00edan deudas con diferentes proveedores del comedor escolar que funcionaba en el establecimiento. Adem\u00e1s, dos docentes de la instituci\u00f3n realizaron una exposici\u00f3n policial asegurando que sus firmas hab\u00edan sido falsificadas para dos supuestas compras.<\/p>\n\n\n\n<p>Tambi\u00e9n se detectaron irregularidades en relaci\u00f3n a una orden de pago correspondiente al Programa Volver a la Escuela.<\/p>\n\n\n\n<p>Se identificaron as\u00ed falencias administrativas dadas por la ausencia de registros contables y comprobantes en la rendici\u00f3n de las sumas entregadas en los dos programas mencionados.<\/p>\n\n\n\n<p>El t\u00e9rmino peculado hace referencia a una \u201cestafa o fraude del patrimonio p\u00fablico\u201d. Este delito consiste en la sustracci\u00f3n indebida de recursos pertenecientes al Estado por parte de quienes se encargan de su resguardo y supervisi\u00f3n. Por lo antes descrito, se puede decir entonces, que el peculado forma parte de lo que todos conocen como corrupci\u00f3n.<\/p>\n\n\n\n<p>El capital por el que lleg\u00f3 demandada la acusada ascend\u00eda a 34.146,63 pesos. Actualizada esa suma desde el 1 de noviembre de 2009 hasta el 10 de mayo de 2022, con tasa activa del Banco Naci\u00f3n, se concluy\u00f3 que la deuda por todo concepto por parte de la demandada ascend\u00eda a 162.774 pesos.<\/p>\n","protected":false},"excerpt":{"rendered":"<p>En un procedimiento abreviado llevado a cabo en la Sala III del Tribunal de Juicio, Isabel Hortencia Bega (61) fue condenada a dos a\u00f1os de prisi\u00f3n condicional e inhabilitaci\u00f3n absoluta perpetua para ejercer cargos p\u00fablicos por resultar autora material y penalmente responsable del delito de peculado. El juez Pablo Farah homolog\u00f3 el acuerdo civil propuesto [&hellip;]<\/p>\n","protected":false},"author":2,"featured_media":40591,"comment_status":"open","ping_status":"open","sticky":false,"template":"","format":"standard","meta":{"tdm_status":"","tdm_grid_status":"","_joinchat":[],"footnotes":""},"categories":[63],"tags":[],"class_list":{"0":"post-40590","1":"post","2":"type-post","3":"status-publish","4":"format-standard","5":"has-post-thumbnail","7":"category-policiales"},"amp_enabled":true,"_links":{"self":[{"href":"https:\/\/www.todoeldia.com\/index.php\/wp-json\/wp\/v2\/posts\/40590","targetHints":{"allow":["GET"]}}],"collection":[{"href":"https:\/\/www.todoeldia.com\/index.php\/wp-json\/wp\/v2\/posts"}],"about":[{"href":"https:\/\/www.todoeldia.com\/index.php\/wp-json\/wp\/v2\/types\/post"}],"author":[{"embeddable":true,"href":"https:\/\/www.todoeldia.com\/index.php\/wp-json\/wp\/v2\/users\/2"}],"replies":[{"embeddable":true,"href":"https:\/\/www.todoeldia.com\/index.php\/wp-json\/wp\/v2\/comments?post=40590"}],"version-history":[{"count":1,"href":"https:\/\/www.todoeldia.com\/index.php\/wp-json\/wp\/v2\/posts\/40590\/revisions"}],"predecessor-version":[{"id":40592,"href":"https:\/\/www.todoeldia.com\/index.php\/wp-json\/wp\/v2\/posts\/40590\/revisions\/40592"}],"wp:featuredmedia":[{"embeddable":true,"href":"https:\/\/www.todoeldia.com\/index.php\/wp-json\/wp\/v2\/media\/40591"}],"wp:attachment":[{"href":"https:\/\/www.todoeldia.com\/index.php\/wp-json\/wp\/v2\/media?parent=40590"}],"wp:term":[{"taxonomy":"category","embeddable":true,"href":"https:\/\/www.todoeldia.com\/index.php\/wp-json\/wp\/v2\/categories?post=40590"},{"taxonomy":"post_tag","embeddable":true,"href":"https:\/\/www.todoeldia.com\/index.php\/wp-json\/wp\/v2\/tags?post=40590"}],"curies":[{"name":"wp","href":"https:\/\/api.w.org\/{rel}","templated":true}]}}