{"id":40593,"date":"2022-06-14T14:24:17","date_gmt":"2022-06-14T17:24:17","guid":{"rendered":"https:\/\/www.todoeldia.com\/?p=40593"},"modified":"2022-06-14T14:24:19","modified_gmt":"2022-06-14T17:24:19","slug":"el-suegro-entro-a-la-habitacion-semidesnudo-manoseo-a-su-nuera-en-la-cama-y-se-fue-a-trabajar","status":"publish","type":"post","link":"https:\/\/www.todoeldia.com\/index.php\/2022\/06\/14\/el-suegro-entro-a-la-habitacion-semidesnudo-manoseo-a-su-nuera-en-la-cama-y-se-fue-a-trabajar\/","title":{"rendered":"El suegro entro a la habitaci\u00f3n semidesnudo manoseo a su nuera en la cama y se fue a trabajar"},"content":{"rendered":"\n<p>El juez Aldo Primucci, vocal de la Sala I del Tribunal de Juicio de Or\u00e1n, conden\u00f3 a un hombre de 56 a\u00f1os por ser autor material y responsable del delito de abuso sexual simple.<\/p>\n\n\n\n<p>El hombre fue condenado a la pena de seis meses de prisi\u00f3n condicional, y deber\u00e1 fijar domicilio. Adem\u00e1s, no podr\u00e1 acercarse a la v\u00edctima ni a su familia, o ejercer malos tratos de cualquier tipo.<\/p>\n\n\n\n<p>En caso de incumplimiento, el tribunal podr\u00e1 dejar sin efecto la condicionalidad de la pena, que ser\u00eda de cumplimiento efectivo.<\/p>\n\n\n\n<p>Adem\u00e1s, se practicar\u00e1 al imputado el examen m\u00e9dico y extracci\u00f3n de material gen\u00e9tico para su incorporaci\u00f3n al Banco de Datos Gen\u00e9ticos, en cumplimiento a la Ley 7775 y su reglamentaci\u00f3n.<\/p>\n\n\n\n<p>Fue denunciado por su nuera, con quien conviv\u00eda. Ella cont\u00f3 que una madrugada su suegro ingres\u00f3 a la habitaci\u00f3n que comparte con su pareja. Agreg\u00f3 que se encontraba semidesnudo y comenz\u00f3 a tocarle sus partes \u00edntimas hasta despertarla. Luego le dijo que quer\u00eda mantener relaciones sexuales con ella, a lo que ella se negaba constantemente, por lo que el hombre se retir\u00f3 de la habitaci\u00f3n y se fue a trabajar.<\/p>\n\n\n\n<p>Al momento del hecho, la pareja de la v\u00edctima se encontraba durmiendo al lado, pero no se despert\u00f3.<\/p>\n","protected":false},"excerpt":{"rendered":"<p>El juez Aldo Primucci, vocal de la Sala I del Tribunal de Juicio de Or\u00e1n, conden\u00f3 a un hombre de 56 a\u00f1os por ser autor material y responsable del delito de abuso sexual simple. El hombre fue condenado a la pena de seis meses de prisi\u00f3n condicional, y deber\u00e1 fijar domicilio. Adem\u00e1s, no podr\u00e1 acercarse [&hellip;]<\/p>\n","protected":false},"author":2,"featured_media":40594,"comment_status":"open","ping_status":"open","sticky":false,"template":"","format":"standard","meta":{"tdm_status":"","tdm_grid_status":"","_joinchat":[],"footnotes":""},"categories":[63],"tags":[],"class_list":{"0":"post-40593","1":"post","2":"type-post","3":"status-publish","4":"format-standard","5":"has-post-thumbnail","7":"category-policiales"},"amp_enabled":true,"_links":{"self":[{"href":"https:\/\/www.todoeldia.com\/index.php\/wp-json\/wp\/v2\/posts\/40593","targetHints":{"allow":["GET"]}}],"collection":[{"href":"https:\/\/www.todoeldia.com\/index.php\/wp-json\/wp\/v2\/posts"}],"about":[{"href":"https:\/\/www.todoeldia.com\/index.php\/wp-json\/wp\/v2\/types\/post"}],"author":[{"embeddable":true,"href":"https:\/\/www.todoeldia.com\/index.php\/wp-json\/wp\/v2\/users\/2"}],"replies":[{"embeddable":true,"href":"https:\/\/www.todoeldia.com\/index.php\/wp-json\/wp\/v2\/comments?post=40593"}],"version-history":[{"count":1,"href":"https:\/\/www.todoeldia.com\/index.php\/wp-json\/wp\/v2\/posts\/40593\/revisions"}],"predecessor-version":[{"id":40595,"href":"https:\/\/www.todoeldia.com\/index.php\/wp-json\/wp\/v2\/posts\/40593\/revisions\/40595"}],"wp:featuredmedia":[{"embeddable":true,"href":"https:\/\/www.todoeldia.com\/index.php\/wp-json\/wp\/v2\/media\/40594"}],"wp:attachment":[{"href":"https:\/\/www.todoeldia.com\/index.php\/wp-json\/wp\/v2\/media?parent=40593"}],"wp:term":[{"taxonomy":"category","embeddable":true,"href":"https:\/\/www.todoeldia.com\/index.php\/wp-json\/wp\/v2\/categories?post=40593"},{"taxonomy":"post_tag","embeddable":true,"href":"https:\/\/www.todoeldia.com\/index.php\/wp-json\/wp\/v2\/tags?post=40593"}],"curies":[{"name":"wp","href":"https:\/\/api.w.org\/{rel}","templated":true}]}}