{"id":40599,"date":"2022-06-14T14:33:43","date_gmt":"2022-06-14T17:33:43","guid":{"rendered":"https:\/\/www.todoeldia.com\/?p=40599"},"modified":"2022-06-14T14:33:44","modified_gmt":"2022-06-14T17:33:44","slug":"un-policia-asesinado-a-tiros-y-3-heridos-durante-un-allanamiento-en-un-campo-de-lujan","status":"publish","type":"post","link":"https:\/\/www.todoeldia.com\/index.php\/2022\/06\/14\/un-policia-asesinado-a-tiros-y-3-heridos-durante-un-allanamiento-en-un-campo-de-lujan\/","title":{"rendered":"Un polic\u00eda asesinado a tiros y 3 heridos durante un allanamiento en un campo de Luj\u00e1n"},"content":{"rendered":"\n<p>Ocurri\u00f3 en un descampado en la localidad de Torres. Adem\u00e1s, tres de sus compa\u00f1eros fueron heridos de bala. Iban a detener a un hombre imputado por delitos de violencia de g\u00e9nero.<\/p>\n\n\n\n<p>Un efectivo de la Polic\u00eda Bonaerense fue asesinado y otros tres compa\u00f1eros resultaron heridos despu\u00e9s de un tiroteo producido durante un allanamiento en un campo en la localidad de Torres, cercano a Luj\u00e1n.<\/p>\n\n\n\n<p>Seg\u00fan confirmaron fuentes del caso el efectivo, con rango de sargento, destinado da la Comisar\u00eda 3\u00aa de Luj\u00e1n perdi\u00f3 la vida en el Hospital municipal de la misma ciudad al no poder recuperarse de las heridas de bala recibidas durante el enfrentamiento con el hombre que iba a detener.<\/p>\n\n\n\n<p>El asesino, de apellido Castro, iba a ser detenido, acusado de delitos de violencia de g\u00e9nero y abuso sexual. Una vez que los agentes de la Polic\u00eda Bonaerense llegaron a la entrada de su campo, respondi\u00f3 con disparos con su arma de fuego. Result\u00f3 herido tambi\u00e9n y es tratado en el mismo hospital donde su v\u00edctima perdi\u00f3 la vida. All\u00ed tambi\u00e9n se recuperan los compa\u00f1eros del sargento.<\/p>\n\n\n\n<p>Castro ten\u00eda una orden de detenci\u00f3n por delitos cometidos en la ciudad de Campana. Pesaban sobre \u00e9l imputaciones por delitos de violencia de g\u00e9nero, abuso sexual y robo.<\/p>\n\n\n\n<p>Seg\u00fan inform\u00f3 el diario de Luj\u00e1n El Civismo, el imputado ten\u00eda conocimiento de la orden de captura en su contra y se hab\u00eda trasladado a la localidad de Torres para esconderse en el campo donde se produjo el tiroteo.<\/p>\n\n\n\n<p>Seg\u00fan pudo averiguar, uno de los polic\u00edas heridos se encontraba en grave estado y deb\u00eda ser sometido a una cirug\u00eda en las pr\u00f3ximas horas. Todav\u00eda no se defini\u00f3 si iba a ser operado en el mismo hospital de Luj\u00e1n o si ser\u00eda derivado en helic\u00f3ptero a un sanatorio privado de mayor complejidad.<\/p>\n\n\n\n<p>En principio, una gran cantidad de vecinos de la ciudad bonaerense se acercaron a la puerta del hospital p\u00fablico, ubicado en la calle San Mart\u00edn al 1700, para interiorizarse sobre el estado de salud de los polic\u00edas heridos.<\/p>\n\n\n\n<p>Los medios locales indicaron que el sargento asesinado recibi\u00f3 dos disparos en la zona de t\u00f3rax. A su vez, el inspector que se encuentra en grave estado sufri\u00f3 una herida de bala tambi\u00e9n en el t\u00f3rax, mientras que los dos agentes que se encuentran fuera de peligro recibieron un impacto de bala en una mano y el otro en una costilla, impacto que le caus\u00f3 la fractura de la misma.<\/p>\n","protected":false},"excerpt":{"rendered":"<p>Ocurri\u00f3 en un descampado en la localidad de Torres. Adem\u00e1s, tres de sus compa\u00f1eros fueron heridos de bala. Iban a detener a un hombre imputado por delitos de violencia de g\u00e9nero. Un efectivo de la Polic\u00eda Bonaerense fue asesinado y otros tres compa\u00f1eros resultaron heridos despu\u00e9s de un tiroteo producido durante un allanamiento en un [&hellip;]<\/p>\n","protected":false},"author":2,"featured_media":40600,"comment_status":"open","ping_status":"open","sticky":false,"template":"","format":"standard","meta":{"tdm_status":"","tdm_grid_status":"","_joinchat":[],"footnotes":""},"categories":[63],"tags":[],"class_list":{"0":"post-40599","1":"post","2":"type-post","3":"status-publish","4":"format-standard","5":"has-post-thumbnail","7":"category-policiales"},"amp_enabled":true,"_links":{"self":[{"href":"https:\/\/www.todoeldia.com\/index.php\/wp-json\/wp\/v2\/posts\/40599","targetHints":{"allow":["GET"]}}],"collection":[{"href":"https:\/\/www.todoeldia.com\/index.php\/wp-json\/wp\/v2\/posts"}],"about":[{"href":"https:\/\/www.todoeldia.com\/index.php\/wp-json\/wp\/v2\/types\/post"}],"author":[{"embeddable":true,"href":"https:\/\/www.todoeldia.com\/index.php\/wp-json\/wp\/v2\/users\/2"}],"replies":[{"embeddable":true,"href":"https:\/\/www.todoeldia.com\/index.php\/wp-json\/wp\/v2\/comments?post=40599"}],"version-history":[{"count":1,"href":"https:\/\/www.todoeldia.com\/index.php\/wp-json\/wp\/v2\/posts\/40599\/revisions"}],"predecessor-version":[{"id":40601,"href":"https:\/\/www.todoeldia.com\/index.php\/wp-json\/wp\/v2\/posts\/40599\/revisions\/40601"}],"wp:featuredmedia":[{"embeddable":true,"href":"https:\/\/www.todoeldia.com\/index.php\/wp-json\/wp\/v2\/media\/40600"}],"wp:attachment":[{"href":"https:\/\/www.todoeldia.com\/index.php\/wp-json\/wp\/v2\/media?parent=40599"}],"wp:term":[{"taxonomy":"category","embeddable":true,"href":"https:\/\/www.todoeldia.com\/index.php\/wp-json\/wp\/v2\/categories?post=40599"},{"taxonomy":"post_tag","embeddable":true,"href":"https:\/\/www.todoeldia.com\/index.php\/wp-json\/wp\/v2\/tags?post=40599"}],"curies":[{"name":"wp","href":"https:\/\/api.w.org\/{rel}","templated":true}]}}