{"id":42821,"date":"2022-07-27T21:03:53","date_gmt":"2022-07-28T00:03:53","guid":{"rendered":"https:\/\/www.todoeldia.com\/?p=42821"},"modified":"2022-07-27T21:03:55","modified_gmt":"2022-07-28T00:03:55","slug":"sergio-massa-hablo-sobre-su-posible-llegada-al-gabinete-no-tuve-ningun-ofrecimiento","status":"publish","type":"post","link":"https:\/\/www.todoeldia.com\/index.php\/2022\/07\/27\/sergio-massa-hablo-sobre-su-posible-llegada-al-gabinete-no-tuve-ningun-ofrecimiento\/","title":{"rendered":"Sergio Massa habl\u00f3 sobre su posible llegada al Gabinete: \u201cNo tuve ning\u00fan ofrecimiento\u201d"},"content":{"rendered":"\n<p>El presidente de la C\u00e1mara de Diputados se refiri\u00f3 a los rumores de su posible llegada al Ministerio de Econom\u00eda.<\/p>\n\n\n\n<p>El presidente de la C\u00e1mara de Diputados, Sergio Massa, aclar\u00f3 este mi\u00e9rcoles que no recibi\u00f3 ning\u00fan \u201cofrecimiento\u201d por parte del presidente Alberto Fern\u00e1ndez. Su mensaje llega en momentos en que circul\u00f3 la versi\u00f3n de su posible ingreso al Ministerio de Econom\u00eda.<\/p>\n\n\n\n<p>\u201cVeo muchos rumores y versiones. No tuve ning\u00fan ofrecimiento y reci\u00e9n qued\u00e9 en charlar con el presidente Alberto Fern\u00e1ndez sobre la agenda de trabajo entre viernes y s\u00e1bado\u201d, public\u00f3 en su cuenta de Twitter.<\/p>\n\n\n\n<figure class=\"wp-block-image size-full is-resized\"><img loading=\"lazy\" decoding=\"async\" src=\"https:\/\/www.todoeldia.com\/wp-content\/uploads\/2022\/07\/image-118.png\" alt=\"\" class=\"wp-image-42822\" width=\"911\" height=\"331\"\/><\/figure>\n\n\n\n<p>Adem\u00e1s, en sus redes sociales aclar\u00f3: \u201cPor otra parte vi que aparecieron \u2018supuestos proyectos de mi autor\u00eda\u2019 que circulan alrededor de las medidas econ\u00f3micas y de las del Banco Central. Que quede claro que venimos trabajando en l\u00ednea con el BCRA y el Ministerio de Econom\u00eda. Cuando tenga algo que decir o el Gobierno decida anunciar algo, se har\u00e1 por los carriles correspondientes\u201d.<\/p>\n","protected":false},"excerpt":{"rendered":"<p>El presidente de la C\u00e1mara de Diputados se refiri\u00f3 a los rumores de su posible llegada al Ministerio de Econom\u00eda. El presidente de la C\u00e1mara de Diputados, Sergio Massa, aclar\u00f3 este mi\u00e9rcoles que no recibi\u00f3 ning\u00fan \u201cofrecimiento\u201d por parte del presidente Alberto Fern\u00e1ndez. Su mensaje llega en momentos en que circul\u00f3 la versi\u00f3n de su [&hellip;]<\/p>\n","protected":false},"author":2,"featured_media":42823,"comment_status":"open","ping_status":"open","sticky":false,"template":"","format":"standard","meta":{"tdm_status":"","tdm_grid_status":"","_joinchat":[],"footnotes":""},"categories":[59],"tags":[],"class_list":{"0":"post-42821","1":"post","2":"type-post","3":"status-publish","4":"format-standard","5":"has-post-thumbnail","7":"category-politica"},"amp_enabled":true,"_links":{"self":[{"href":"https:\/\/www.todoeldia.com\/index.php\/wp-json\/wp\/v2\/posts\/42821","targetHints":{"allow":["GET"]}}],"collection":[{"href":"https:\/\/www.todoeldia.com\/index.php\/wp-json\/wp\/v2\/posts"}],"about":[{"href":"https:\/\/www.todoeldia.com\/index.php\/wp-json\/wp\/v2\/types\/post"}],"author":[{"embeddable":true,"href":"https:\/\/www.todoeldia.com\/index.php\/wp-json\/wp\/v2\/users\/2"}],"replies":[{"embeddable":true,"href":"https:\/\/www.todoeldia.com\/index.php\/wp-json\/wp\/v2\/comments?post=42821"}],"version-history":[{"count":1,"href":"https:\/\/www.todoeldia.com\/index.php\/wp-json\/wp\/v2\/posts\/42821\/revisions"}],"predecessor-version":[{"id":42824,"href":"https:\/\/www.todoeldia.com\/index.php\/wp-json\/wp\/v2\/posts\/42821\/revisions\/42824"}],"wp:featuredmedia":[{"embeddable":true,"href":"https:\/\/www.todoeldia.com\/index.php\/wp-json\/wp\/v2\/media\/42823"}],"wp:attachment":[{"href":"https:\/\/www.todoeldia.com\/index.php\/wp-json\/wp\/v2\/media?parent=42821"}],"wp:term":[{"taxonomy":"category","embeddable":true,"href":"https:\/\/www.todoeldia.com\/index.php\/wp-json\/wp\/v2\/categories?post=42821"},{"taxonomy":"post_tag","embeddable":true,"href":"https:\/\/www.todoeldia.com\/index.php\/wp-json\/wp\/v2\/tags?post=42821"}],"curies":[{"name":"wp","href":"https:\/\/api.w.org\/{rel}","templated":true}]}}