{"id":42825,"date":"2022-07-27T22:22:57","date_gmt":"2022-07-28T01:22:57","guid":{"rendered":"https:\/\/www.todoeldia.com\/?p=42825"},"modified":"2022-07-27T22:22:59","modified_gmt":"2022-07-28T01:22:59","slug":"fue-identificado-como-federico-freire-escalante-el-hombre-encontrado-muerto-en-el-rio-arenales","status":"publish","type":"post","link":"https:\/\/www.todoeldia.com\/index.php\/2022\/07\/27\/fue-identificado-como-federico-freire-escalante-el-hombre-encontrado-muerto-en-el-rio-arenales\/","title":{"rendered":"Fue identificado como Federico Freire Escalante el hombre encontrado muerto en el rio arenales"},"content":{"rendered":"\n<p>Tras haber realizado la identificaci\u00f3n del hombre encontrado sin vida en el r\u00edo Arenales de la ciudad de Salta, como Federico Freire Escalante, la Fiscal\u00eda Penal 2 de la UGAP, busca localizar a sus familiares.<\/p>\n\n\n\n<p>La fiscal penal 2 de la Unidad de Graves Atentados contra las Personas en turno, Ver\u00f3nica Simesen de Bielke, inform\u00f3 que en el marco de la investigaci\u00f3n que lleva adelante por la aparici\u00f3n de un hombre sin vida en el r\u00edo Arenales de la ciudad de Salta, mediante un estudio dactilosc\u00f3pico, se logr\u00f3 su identificaci\u00f3n como Federico Freire Escalante, argentino de 68 a\u00f1os.<\/p>\n\n\n\n<p>Tras haber sido individualizado, se procura localizar a familiares del fallecido, quien se encontraba en situaci\u00f3n de calle y resid\u00eda en la zona donde fue encontrado sin vida.<\/p>\n\n\n\n<p>La fiscal Simesen de Bielke se\u00f1al\u00f3 que el informe preliminar de autopsia revela que su deceso no est\u00e1 vinculado a una muerte violenta y que solicit\u00f3 la realizaci\u00f3n de estudios complementarios para determinar en forma fehaciente la causa y data del deceso.<\/p>\n","protected":false},"excerpt":{"rendered":"<p>Tras haber realizado la identificaci\u00f3n del hombre encontrado sin vida en el r\u00edo Arenales de la ciudad de Salta, como Federico Freire Escalante, la Fiscal\u00eda Penal 2 de la UGAP, busca localizar a sus familiares. La fiscal penal 2 de la Unidad de Graves Atentados contra las Personas en turno, Ver\u00f3nica Simesen de Bielke, inform\u00f3 [&hellip;]<\/p>\n","protected":false},"author":2,"featured_media":42826,"comment_status":"open","ping_status":"open","sticky":false,"template":"","format":"standard","meta":{"tdm_status":"","tdm_grid_status":"","_joinchat":[],"footnotes":""},"categories":[63],"tags":[],"class_list":{"0":"post-42825","1":"post","2":"type-post","3":"status-publish","4":"format-standard","5":"has-post-thumbnail","7":"category-policiales"},"amp_enabled":true,"_links":{"self":[{"href":"https:\/\/www.todoeldia.com\/index.php\/wp-json\/wp\/v2\/posts\/42825","targetHints":{"allow":["GET"]}}],"collection":[{"href":"https:\/\/www.todoeldia.com\/index.php\/wp-json\/wp\/v2\/posts"}],"about":[{"href":"https:\/\/www.todoeldia.com\/index.php\/wp-json\/wp\/v2\/types\/post"}],"author":[{"embeddable":true,"href":"https:\/\/www.todoeldia.com\/index.php\/wp-json\/wp\/v2\/users\/2"}],"replies":[{"embeddable":true,"href":"https:\/\/www.todoeldia.com\/index.php\/wp-json\/wp\/v2\/comments?post=42825"}],"version-history":[{"count":1,"href":"https:\/\/www.todoeldia.com\/index.php\/wp-json\/wp\/v2\/posts\/42825\/revisions"}],"predecessor-version":[{"id":42827,"href":"https:\/\/www.todoeldia.com\/index.php\/wp-json\/wp\/v2\/posts\/42825\/revisions\/42827"}],"wp:featuredmedia":[{"embeddable":true,"href":"https:\/\/www.todoeldia.com\/index.php\/wp-json\/wp\/v2\/media\/42826"}],"wp:attachment":[{"href":"https:\/\/www.todoeldia.com\/index.php\/wp-json\/wp\/v2\/media?parent=42825"}],"wp:term":[{"taxonomy":"category","embeddable":true,"href":"https:\/\/www.todoeldia.com\/index.php\/wp-json\/wp\/v2\/categories?post=42825"},{"taxonomy":"post_tag","embeddable":true,"href":"https:\/\/www.todoeldia.com\/index.php\/wp-json\/wp\/v2\/tags?post=42825"}],"curies":[{"name":"wp","href":"https:\/\/api.w.org\/{rel}","templated":true}]}}