{"id":42867,"date":"2022-07-28T19:15:55","date_gmt":"2022-07-28T22:15:55","guid":{"rendered":"https:\/\/www.todoeldia.com\/?p=42867"},"modified":"2022-07-28T19:15:58","modified_gmt":"2022-07-28T22:15:58","slug":"mercedes-marco-del-pont-deja-la-afip-y-ocupara-el-lugar-de-gustavo-beliz-en-el-gabinete","status":"publish","type":"post","link":"https:\/\/www.todoeldia.com\/index.php\/2022\/07\/28\/mercedes-marco-del-pont-deja-la-afip-y-ocupara-el-lugar-de-gustavo-beliz-en-el-gabinete\/","title":{"rendered":"Mercedes Marc\u00f3 del Pont deja la AFIP y ocupar\u00e1 el lugar de Gustavo Beliz en el Gabinete"},"content":{"rendered":"\n<p>La economista asumir\u00e1 como secretaria de Asuntos Estrat\u00e9gicos tras la renuncia de uno de los funcionarios m\u00e1s cercanos a Alberto Fern\u00e1ndez. A su vez, Carlos Castagneto la reemplazar\u00e1 al frente del organismo tributario.<\/p>\n\n\n\n<p>Este jueves, en medio de diversos rumores relativos a un profundo redise\u00f1o del Gabinete nacional, Gustavo Beliz present\u00f3 su renuncia al cargo de secretario de Asuntos Estrat\u00e9gicos. En esa direcci\u00f3n, pocas horas despu\u00e9s se confirm\u00f3 el desembarco de Mercedes Marc\u00f3 del Pont, hasta ahora titular de la AFIP, en su reemplazo.<\/p>\n\n\n\n<p>A su vez, el lugar de Marc\u00f3 del Pont al frente de la Administraci\u00f3n Federal de Ingresos P\u00fablicos llegar\u00e1 Carlos Castagneto, quien hasta hoy se desempe\u00f1aba como Director General de los Recursos de la Seguridad Social dentro de AFIP.<\/p>\n\n\n\n<p>El cambio de puesto de Marc\u00f3 del Pont lleg\u00f3 en una jornada signada por la expectativa generada por los cambios en el equipo de Gobierno. En primer t\u00e9rmino, despu\u00e9s de muchas especulaciones, se conoci\u00f3 la noticia sobre la renuncia de Beliz, quien le inform\u00f3 personalmente su decisi\u00f3n al jefe de Estado durante una reuni\u00f3n realizada este jueves en Casa Rosada. Era uno de los funcionarios m\u00e1s cercanos al Presidente.<\/p>\n\n\n\n<p>Posteriormente, se anunci\u00f3 que Sergio Massa estar\u00e1 a cargo de un nuevo superministerio que unificar\u00e1 el de Econom\u00eda, Producci\u00f3n y Agricultura, Ganader\u00eda y Pesca, incluyendo adem\u00e1s las relaciones con los organismos internacionales, bilaterales y multilaterales de cr\u00e9dito. A\u00fan no se conoce con precisi\u00f3n cu\u00e1l ser\u00e1 el futuro de Silvina Batakis, que m\u00e1s temprano hab\u00eda puesto su renuncia a disposici\u00f3n del mandatario nacional.<\/p>\n\n\n\n<p>En ese contexto fue que lleg\u00f3 una nueva confirmaci\u00f3n, con la modificaci\u00f3n en el rol de Marc\u00f3 del Pont en reemplazo del saliente Beliz. Nacida en 1956, se recibi\u00f3 de economista en la Universidad de Buenos Aires en 1982. Luego, en 1987, realiz\u00f3 un m\u00e1ster en Econom\u00eda internacional y Desarrollo en la Universidad de Yale, en Estados Unidos. Y dos a\u00f1os despu\u00e9s, comenz\u00f3 a desempe\u00f1arse en la funci\u00f3n p\u00fablica, como asesora en Industria Petroqu\u00edmica en la secretar\u00eda de Planificaci\u00f3n de la Naci\u00f3n.<\/p>\n\n\n\n<p>A\u00f1os m\u00e1s tarde, de la mano del kirchnerismo, la economista lleg\u00f3 a los puestos de mayor relevancia. Entre 2003 y 2007, ocup\u00f3 una banca en la C\u00e1mara de Diputados de la Naci\u00f3n, dentro del bloque del Frente para la Victoria, por la Capital Federal. En enero de 2008 asumi\u00f3 al frente del Banco Naci\u00f3n, puesto que ocup\u00f3 durante dos a\u00f1os, ya que en 2010 fue nombrada presidente del Banco Central de la Rep\u00fablica Argentina.<\/p>\n","protected":false},"excerpt":{"rendered":"<p>La economista asumir\u00e1 como secretaria de Asuntos Estrat\u00e9gicos tras la renuncia de uno de los funcionarios m\u00e1s cercanos a Alberto Fern\u00e1ndez. A su vez, Carlos Castagneto la reemplazar\u00e1 al frente del organismo tributario. Este jueves, en medio de diversos rumores relativos a un profundo redise\u00f1o del Gabinete nacional, Gustavo Beliz present\u00f3 su renuncia al cargo [&hellip;]<\/p>\n","protected":false},"author":2,"featured_media":42868,"comment_status":"open","ping_status":"open","sticky":false,"template":"","format":"standard","meta":{"tdm_status":"","tdm_grid_status":"","_joinchat":[],"footnotes":""},"categories":[59],"tags":[],"class_list":{"0":"post-42867","1":"post","2":"type-post","3":"status-publish","4":"format-standard","5":"has-post-thumbnail","7":"category-politica"},"amp_enabled":true,"_links":{"self":[{"href":"https:\/\/www.todoeldia.com\/index.php\/wp-json\/wp\/v2\/posts\/42867","targetHints":{"allow":["GET"]}}],"collection":[{"href":"https:\/\/www.todoeldia.com\/index.php\/wp-json\/wp\/v2\/posts"}],"about":[{"href":"https:\/\/www.todoeldia.com\/index.php\/wp-json\/wp\/v2\/types\/post"}],"author":[{"embeddable":true,"href":"https:\/\/www.todoeldia.com\/index.php\/wp-json\/wp\/v2\/users\/2"}],"replies":[{"embeddable":true,"href":"https:\/\/www.todoeldia.com\/index.php\/wp-json\/wp\/v2\/comments?post=42867"}],"version-history":[{"count":1,"href":"https:\/\/www.todoeldia.com\/index.php\/wp-json\/wp\/v2\/posts\/42867\/revisions"}],"predecessor-version":[{"id":42869,"href":"https:\/\/www.todoeldia.com\/index.php\/wp-json\/wp\/v2\/posts\/42867\/revisions\/42869"}],"wp:featuredmedia":[{"embeddable":true,"href":"https:\/\/www.todoeldia.com\/index.php\/wp-json\/wp\/v2\/media\/42868"}],"wp:attachment":[{"href":"https:\/\/www.todoeldia.com\/index.php\/wp-json\/wp\/v2\/media?parent=42867"}],"wp:term":[{"taxonomy":"category","embeddable":true,"href":"https:\/\/www.todoeldia.com\/index.php\/wp-json\/wp\/v2\/categories?post=42867"},{"taxonomy":"post_tag","embeddable":true,"href":"https:\/\/www.todoeldia.com\/index.php\/wp-json\/wp\/v2\/tags?post=42867"}],"curies":[{"name":"wp","href":"https:\/\/api.w.org\/{rel}","templated":true}]}}