{"id":42872,"date":"2022-07-28T19:20:22","date_gmt":"2022-07-28T22:20:22","guid":{"rendered":"https:\/\/www.todoeldia.com\/?p=42872"},"modified":"2022-07-28T19:20:23","modified_gmt":"2022-07-28T22:20:23","slug":"daniel-scioli-volvera-a-la-embajada-en-brasil","status":"publish","type":"post","link":"https:\/\/www.todoeldia.com\/index.php\/2022\/07\/28\/daniel-scioli-volvera-a-la-embajada-en-brasil\/","title":{"rendered":"Daniel Scioli volver\u00e1 a la embajada en Brasil"},"content":{"rendered":"\n<p>Alberto Fern\u00e1ndez se lo ofreci\u00f3 al ex gobernador bonaerense por la importancia estrat\u00e9gica de la relaci\u00f3n entre ambos pa\u00edses. Sucede luego de que se conociera que Sergio Massa absorber\u00e1 el Ministerio de Producci\u00f3n<\/p>\n\n\n\n<p>En una semana cargada de especulaciones y rumores sobre cambios en el gabinete nacional, finalmente Alberto Fern\u00e1ndez decidi\u00f3 que Sergio Massa sea el nuevo ministro de Econom\u00eda, Producci\u00f3n y Agricultura, \u00e1reas que eran ocupadas por Silvina Batakis, Daniel Scioli y Juli\u00e1n Dom\u00ednguez, respectivamente. Por eso, ahora la incertidumbre ca\u00eda sobre qu\u00e9 pasar\u00e1 con estos dirigentes, de futuro incierto.<\/p>\n\n\n\n<p>Por lo pronto, se supo que el ex goberbador bonaerense regresar\u00e1 a la embajada en Brasil por pedido de Alberto Fern\u00e1ndez, quien valora su trabajo en el pa\u00eds vecino y le da gran importancia a la relaci\u00f3n biletaral.<\/p>\n\n\n\n<p>\u201cA pedido del Presidente Alberto Fern\u00e1ndez, Daniel Scioli volver\u00e1 a la embajada argentina en Brasil donde realiz\u00f3 un excelente trabajo. El presidente le agradece profundamente haber estado presente en el gabinete cuando fue convocado\u201d, inform\u00f3 un comunicado de Casa Rosada.<\/p>\n\n\n\n<p>El ex mandatario provincial dej\u00f3 ese cargo diplom\u00e1tico a mediados del mes pasado, cuando lo convocaron para hacerse cargo de la cartera productiva tras la abrupta salida de Mat\u00edas Kulfas, quien renunci\u00f3 en medio de cruces con la vicepresidenta Cristina Kirchner.<\/p>\n\n\n\n<p>El economista se fue del gabinete luego de que trascendiera un off, supuestamente enviado desde su cartera, en el que se acusaba a funcionarios cristinistas de armar el pliego de licitaci\u00f3n del Gasoducto N\u00e9stor Kirchner \u201ca la medida de Techint\u201d, lo cual motiv\u00f3 el enojo de la titular del Senado.<\/p>\n","protected":false},"excerpt":{"rendered":"<p>Alberto Fern\u00e1ndez se lo ofreci\u00f3 al ex gobernador bonaerense por la importancia estrat\u00e9gica de la relaci\u00f3n entre ambos pa\u00edses. Sucede luego de que se conociera que Sergio Massa absorber\u00e1 el Ministerio de Producci\u00f3n En una semana cargada de especulaciones y rumores sobre cambios en el gabinete nacional, finalmente Alberto Fern\u00e1ndez decidi\u00f3 que Sergio Massa sea [&hellip;]<\/p>\n","protected":false},"author":2,"featured_media":40156,"comment_status":"open","ping_status":"open","sticky":false,"template":"","format":"standard","meta":{"tdm_status":"","tdm_grid_status":"","_joinchat":[],"footnotes":""},"categories":[59],"tags":[],"class_list":{"0":"post-42872","1":"post","2":"type-post","3":"status-publish","4":"format-standard","5":"has-post-thumbnail","7":"category-politica"},"amp_enabled":true,"_links":{"self":[{"href":"https:\/\/www.todoeldia.com\/index.php\/wp-json\/wp\/v2\/posts\/42872","targetHints":{"allow":["GET"]}}],"collection":[{"href":"https:\/\/www.todoeldia.com\/index.php\/wp-json\/wp\/v2\/posts"}],"about":[{"href":"https:\/\/www.todoeldia.com\/index.php\/wp-json\/wp\/v2\/types\/post"}],"author":[{"embeddable":true,"href":"https:\/\/www.todoeldia.com\/index.php\/wp-json\/wp\/v2\/users\/2"}],"replies":[{"embeddable":true,"href":"https:\/\/www.todoeldia.com\/index.php\/wp-json\/wp\/v2\/comments?post=42872"}],"version-history":[{"count":1,"href":"https:\/\/www.todoeldia.com\/index.php\/wp-json\/wp\/v2\/posts\/42872\/revisions"}],"predecessor-version":[{"id":42873,"href":"https:\/\/www.todoeldia.com\/index.php\/wp-json\/wp\/v2\/posts\/42872\/revisions\/42873"}],"wp:featuredmedia":[{"embeddable":true,"href":"https:\/\/www.todoeldia.com\/index.php\/wp-json\/wp\/v2\/media\/40156"}],"wp:attachment":[{"href":"https:\/\/www.todoeldia.com\/index.php\/wp-json\/wp\/v2\/media?parent=42872"}],"wp:term":[{"taxonomy":"category","embeddable":true,"href":"https:\/\/www.todoeldia.com\/index.php\/wp-json\/wp\/v2\/categories?post=42872"},{"taxonomy":"post_tag","embeddable":true,"href":"https:\/\/www.todoeldia.com\/index.php\/wp-json\/wp\/v2\/tags?post=42872"}],"curies":[{"name":"wp","href":"https:\/\/api.w.org\/{rel}","templated":true}]}}