{"id":42887,"date":"2022-07-28T19:42:18","date_gmt":"2022-07-28T22:42:18","guid":{"rendered":"https:\/\/www.todoeldia.com\/?p=42887"},"modified":"2022-07-28T19:42:19","modified_gmt":"2022-07-28T22:42:19","slug":"la-mujer-que-defendio-en-redes-los-planes-sociales-fue-amenazada-por-los-punteros-y-le-dijeron-que-cierre-la-boca","status":"publish","type":"post","link":"https:\/\/www.todoeldia.com\/index.php\/2022\/07\/28\/la-mujer-que-defendio-en-redes-los-planes-sociales-fue-amenazada-por-los-punteros-y-le-dijeron-que-cierre-la-boca\/","title":{"rendered":"La mujer que defendi\u00f3 en redes los planes sociales fue amenazada por los punteros y le dijeron que cierre la boca"},"content":{"rendered":"\n<p>Mariana Alfonzo recibi\u00f3 un mensaje intimidante de \u201cpunteros\u201d que le advert\u00edan que se deb\u00eda callar.<\/p>\n\n\n\n<p>Hace algunos d\u00edas, el video de una mujer defendiendo los planes sociales se viraliz\u00f3 y caus\u00f3 pol\u00e9mica. Tras esa situaci\u00f3n, Mariana Alfonzo, la protagonista de la posteo de las redes sociales, decidi\u00f3 dar su testimonio en varios programas de televisi\u00f3n, pero ayer por la noche, mientras estaba al aire recibi\u00f3 amenazas de muerte y sufri\u00f3 un ataque de p\u00e1nico.<\/p>\n\n\n\n<p>La mujer estaba contando que la organizaci\u00f3n social a la que pertenece le hizo firmar un contrato en el que figura cu\u00e1nta plata debe aportar por mes, \u201csupuestamente para insumos\u201d. En su relato, desliz\u00f3 que el movimiento que le entrega el dinero de los planes sociales, se queda con parte de esa suma.<\/p>\n\n\n\n<p>En ese momento, comenzaron a llegarle mensajes y hasta le avisaron que hab\u00eda gente sospechosa dentro de su casa. \u201cEsta gente que no puedo nombrar, se metieron a mi casa. Sacaron fotos. No salgo nunca m\u00e1s en ning\u00fan programa. Me dice mi hija que me van a esperar en mi casa\u201d, detall\u00f3.<\/p>\n\n\n\n<p>R\u00e1pidamente abandon\u00f3 la entrevista para volver a su vivienda y una c\u00e1mara del canal la acompa\u00f1\u00f3 para brindarle seguridad, pero antes de salir del edificio la mujer se desmay\u00f3.<\/p>\n\n\n\n<p>De acuerdo a lo informado la polic\u00eda, un llamado al 911 alert\u00f3 respecto de una mujer \u201ccon epilepsia en el interior del edificio de Cr\u00f3nica TV\u201d. De inmediato, se dirigieron hacia el lugar miembros de la Polic\u00eda y del SAME, que luego trasladaron a Alfonzo al Hospital Argerich \u201ccon diagn\u00f3stico de ataque de p\u00e1nico\u201d.<\/p>\n\n\n\n<p>\u201cEstaba en el canal brindando una nota cuando recibi\u00f3 un llamado telef\u00f3nico de un n\u00famero privado y una voz masculina le dijo \u2018si habl\u00e1s de la organizaci\u00f3n te vamos a matar\u2019\u201d, precis\u00f3 el parte policial.<\/p>\n\n\n\n<p>\u201cMe empez\u00f3 a temblar todo el cuerpo. Yo nunca los denunci\u00e9 p\u00fablicamente. Otra chico denunci\u00f3 a otra organizaci\u00f3n y ellos tuvieron miedo de que yo haga lo mismo. Quieren que deje de aparecer en la tele\u201d, se\u00f1al\u00f3 Mariana, m\u00e1s tranquila, al salir del centro m\u00e9dico.<\/p>\n\n\n\n<p>La mujer realiz\u00f3 la denuncia por Amenazas Coactivas e intervino la Fiscal\u00eda Nacional Criminal y Correccional N\u00b020 a cargo del Dr. Castex.<\/p>\n","protected":false},"excerpt":{"rendered":"<p>Mariana Alfonzo recibi\u00f3 un mensaje intimidante de \u201cpunteros\u201d que le advert\u00edan que se deb\u00eda callar. Hace algunos d\u00edas, el video de una mujer defendiendo los planes sociales se viraliz\u00f3 y caus\u00f3 pol\u00e9mica. Tras esa situaci\u00f3n, Mariana Alfonzo, la protagonista de la posteo de las redes sociales, decidi\u00f3 dar su testimonio en varios programas de televisi\u00f3n, [&hellip;]<\/p>\n","protected":false},"author":2,"featured_media":42888,"comment_status":"open","ping_status":"open","sticky":false,"template":"","format":"standard","meta":{"tdm_status":"","tdm_grid_status":"","_joinchat":[],"footnotes":""},"categories":[59],"tags":[],"class_list":{"0":"post-42887","1":"post","2":"type-post","3":"status-publish","4":"format-standard","5":"has-post-thumbnail","7":"category-politica"},"amp_enabled":true,"_links":{"self":[{"href":"https:\/\/www.todoeldia.com\/index.php\/wp-json\/wp\/v2\/posts\/42887","targetHints":{"allow":["GET"]}}],"collection":[{"href":"https:\/\/www.todoeldia.com\/index.php\/wp-json\/wp\/v2\/posts"}],"about":[{"href":"https:\/\/www.todoeldia.com\/index.php\/wp-json\/wp\/v2\/types\/post"}],"author":[{"embeddable":true,"href":"https:\/\/www.todoeldia.com\/index.php\/wp-json\/wp\/v2\/users\/2"}],"replies":[{"embeddable":true,"href":"https:\/\/www.todoeldia.com\/index.php\/wp-json\/wp\/v2\/comments?post=42887"}],"version-history":[{"count":1,"href":"https:\/\/www.todoeldia.com\/index.php\/wp-json\/wp\/v2\/posts\/42887\/revisions"}],"predecessor-version":[{"id":42889,"href":"https:\/\/www.todoeldia.com\/index.php\/wp-json\/wp\/v2\/posts\/42887\/revisions\/42889"}],"wp:featuredmedia":[{"embeddable":true,"href":"https:\/\/www.todoeldia.com\/index.php\/wp-json\/wp\/v2\/media\/42888"}],"wp:attachment":[{"href":"https:\/\/www.todoeldia.com\/index.php\/wp-json\/wp\/v2\/media?parent=42887"}],"wp:term":[{"taxonomy":"category","embeddable":true,"href":"https:\/\/www.todoeldia.com\/index.php\/wp-json\/wp\/v2\/categories?post=42887"},{"taxonomy":"post_tag","embeddable":true,"href":"https:\/\/www.todoeldia.com\/index.php\/wp-json\/wp\/v2\/tags?post=42887"}],"curies":[{"name":"wp","href":"https:\/\/api.w.org\/{rel}","templated":true}]}}