{"id":42890,"date":"2022-07-28T21:05:22","date_gmt":"2022-07-29T00:05:22","guid":{"rendered":"https:\/\/www.todoeldia.com\/?p=42890"},"modified":"2022-07-28T21:05:24","modified_gmt":"2022-07-29T00:05:24","slug":"hugo-moyano-bajo-su-candidatura-para-las-elecciones-a-presidente-en-independiente","status":"publish","type":"post","link":"https:\/\/www.todoeldia.com\/index.php\/2022\/07\/28\/hugo-moyano-bajo-su-candidatura-para-las-elecciones-a-presidente-en-independiente\/","title":{"rendered":"Hugo Moyano baj\u00f3 su candidatura para las elecciones a presidente en Independiente"},"content":{"rendered":"\n<p>Apenas 24 horas despu\u00e9s de que se confirmara el 2 de octubre como fecha de los comicios, el actual titular inform\u00f3 su decisi\u00f3n en una reuni\u00f3n interna de su espacio pol\u00edtico. El mismo camino tom\u00f3 H\u00e9ctor Maldonado.<\/p>\n\n\n\n<p>Hugo Moyano baj\u00f3 su candidatura a presidente en las pr\u00f3ximas elecciones de Independiente: el mismo camino tom\u00f3 H\u00e9ctor Maldonado. Ambos comunicaron su decisi\u00f3n en una reuni\u00f3n interna de su espacio pol\u00edtico, apenas 24 horas despu\u00e9s de que en una reuni\u00f3n entre la Junta Electoral y los apoderados de las tres agrupaciones, las dos opositoras y la del oficialismo, se concluyera que los comicios ser\u00e1n el 2 de octubre, el d\u00eda en el que el equipo jugar\u00e1 visitante ante Arsenal.<\/p>\n\n\n\n<p>Moyano, actual titular de la instituci\u00f3n que transita una severa crisis econ\u00f3mica y deportiva, y Maldonado, secretario general, transmitieron su determinaci\u00f3n durante el c\u00f3nclave e instantes despu\u00e9s se filtr\u00f3. Infobae pudo confirmarlo con fuentes cercanas a la Agrupaci\u00f3n Independiente, que de todos modos se presentar\u00e1 a las elecciones, aunque con otros nombres como cabeza de f\u00f3rmula.<\/p>\n\n\n\n<p>Moyano, de 78 a\u00f1os, lleva dos dos mandatos e iba a presentarse con el fin de lograr un tercer per\u00edodo, pero ya estaba en duda el a\u00f1o pasado, cuando se suspendieron las elecciones. Tras los problemas que acumul\u00f3 en los \u00faltimos siete meses, su liderazgo de la lista oficialista hab\u00eda quedado muy erosionado, con cl\u00edmax en la Asamblea de hace una semana, en la que un numeroso grupo de hinchas realiz\u00f3 una manifestaci\u00f3n, que termin\u00f3 con serios incidentes.<\/p>\n\n\n\n<p>De momento, la Agrupaci\u00f3n Independiente se mantiene en competencia, aunque habr\u00e1 que ver qui\u00e9nes la encabezar\u00e1n. Se especula con los nombres de Marcelo Gonz\u00e1lez, aspirante a vicepresidente primero en la lista presentada a fines de 2021, o Sergio Palazzo, quien figuraba como candidato a secretario deportivo.<\/p>\n","protected":false},"excerpt":{"rendered":"<p>Apenas 24 horas despu\u00e9s de que se confirmara el 2 de octubre como fecha de los comicios, el actual titular inform\u00f3 su decisi\u00f3n en una reuni\u00f3n interna de su espacio pol\u00edtico. El mismo camino tom\u00f3 H\u00e9ctor Maldonado. Hugo Moyano baj\u00f3 su candidatura a presidente en las pr\u00f3ximas elecciones de Independiente: el mismo camino tom\u00f3 H\u00e9ctor [&hellip;]<\/p>\n","protected":false},"author":2,"featured_media":42891,"comment_status":"open","ping_status":"open","sticky":false,"template":"","format":"standard","meta":{"tdm_status":"","tdm_grid_status":"","_joinchat":[],"footnotes":""},"categories":[62],"tags":[],"class_list":{"0":"post-42890","1":"post","2":"type-post","3":"status-publish","4":"format-standard","5":"has-post-thumbnail","7":"category-deportes"},"amp_enabled":true,"_links":{"self":[{"href":"https:\/\/www.todoeldia.com\/index.php\/wp-json\/wp\/v2\/posts\/42890","targetHints":{"allow":["GET"]}}],"collection":[{"href":"https:\/\/www.todoeldia.com\/index.php\/wp-json\/wp\/v2\/posts"}],"about":[{"href":"https:\/\/www.todoeldia.com\/index.php\/wp-json\/wp\/v2\/types\/post"}],"author":[{"embeddable":true,"href":"https:\/\/www.todoeldia.com\/index.php\/wp-json\/wp\/v2\/users\/2"}],"replies":[{"embeddable":true,"href":"https:\/\/www.todoeldia.com\/index.php\/wp-json\/wp\/v2\/comments?post=42890"}],"version-history":[{"count":1,"href":"https:\/\/www.todoeldia.com\/index.php\/wp-json\/wp\/v2\/posts\/42890\/revisions"}],"predecessor-version":[{"id":42892,"href":"https:\/\/www.todoeldia.com\/index.php\/wp-json\/wp\/v2\/posts\/42890\/revisions\/42892"}],"wp:featuredmedia":[{"embeddable":true,"href":"https:\/\/www.todoeldia.com\/index.php\/wp-json\/wp\/v2\/media\/42891"}],"wp:attachment":[{"href":"https:\/\/www.todoeldia.com\/index.php\/wp-json\/wp\/v2\/media?parent=42890"}],"wp:term":[{"taxonomy":"category","embeddable":true,"href":"https:\/\/www.todoeldia.com\/index.php\/wp-json\/wp\/v2\/categories?post=42890"},{"taxonomy":"post_tag","embeddable":true,"href":"https:\/\/www.todoeldia.com\/index.php\/wp-json\/wp\/v2\/tags?post=42890"}],"curies":[{"name":"wp","href":"https:\/\/api.w.org\/{rel}","templated":true}]}}