{"id":42914,"date":"2022-07-29T14:39:29","date_gmt":"2022-07-29T17:39:29","guid":{"rendered":"https:\/\/www.todoeldia.com\/?p=42914"},"modified":"2022-07-29T14:39:30","modified_gmt":"2022-07-29T17:39:30","slug":"un-policia-en-gonzalez-fue-condenado-a-15-anos-de-prision-por-abusar-de-una-menor","status":"publish","type":"post","link":"https:\/\/www.todoeldia.com\/index.php\/2022\/07\/29\/un-policia-en-gonzalez-fue-condenado-a-15-anos-de-prision-por-abusar-de-una-menor\/","title":{"rendered":"Un polic\u00eda en Gonz\u00e1lez fue condenado a 15 a\u00f1os de prisi\u00f3n por abusar de una menor"},"content":{"rendered":"\n<p>Un hombre de 40 a\u00f1os, que se desempe\u00f1aba como efectivo policial, fue condenado a 15 a\u00f1os de prisi\u00f3n por cometer reiterados actos de abuso sexual en perjuicio de una menor de edad, a la que no reconoci\u00f3 como hija pero con la que manten\u00eda contacto.<\/p>\n\n\n\n<p>La fiscal penal de Joaqu\u00edn V. Gonz\u00e1lez, Mar\u00eda Celeste Garc\u00eda Pisacic, represent\u00f3 al Ministerio P\u00fablico Fiscal ante la Sala II del Tribunal de Juicio de ese distrito, en la audiencia de debate contra un hombre de 40 a\u00f1os por los delitos de abuso sexual con acceso carnal agravado por la guarda, y corrupci\u00f3n de menores agravado por la guarda en concurso ideal en perjuicio de una menor de edad.<\/p>\n\n\n\n<p>La denuncia fue radicada por la madre de la menor de edad en contra de un hombre con el que mantuvo una relaci\u00f3n de pareja, de la que habr\u00eda nacido la damnificada.<\/p>\n\n\n\n<p>El acusado se desempe\u00f1aba como personal policial y sin haber reconocido a la adolescente, manten\u00eda un v\u00ednculo y pasaba a buscarla para pasear o tomar un helado.<\/p>\n\n\n\n<p>A partir de unos mensajes que detect\u00f3 la denunciante, pudo constatar que el acusado abus\u00f3 sexualmente de su hija en reiteradas oportunidades entre 2018 y 2019 y la manten\u00eda amenazada para que no revele lo que suced\u00eda.<\/p>\n\n\n\n<p>Durante la investigaci\u00f3n no pudo acreditarse cient\u00edficamente el v\u00ednculo parental entre el acusado y la menor pero s\u00ed qued\u00f3 establecida la situaci\u00f3n de guarda, ya que la retiraba desde el domicilio materno con fines de afianzar el supuesto vinculo parental (padre-hija).<\/p>\n\n\n\n<p>La jueza Carolina Poma Salvadores conden\u00f3 al acusado a la pena de 15 a\u00f1os de prisi\u00f3n efectiva.<\/p>\n\n\n\n<p><\/p>\n","protected":false},"excerpt":{"rendered":"<p>Un hombre de 40 a\u00f1os, que se desempe\u00f1aba como efectivo policial, fue condenado a 15 a\u00f1os de prisi\u00f3n por cometer reiterados actos de abuso sexual en perjuicio de una menor de edad, a la que no reconoci\u00f3 como hija pero con la que manten\u00eda contacto. La fiscal penal de Joaqu\u00edn V. Gonz\u00e1lez, Mar\u00eda Celeste Garc\u00eda [&hellip;]<\/p>\n","protected":false},"author":2,"featured_media":19513,"comment_status":"open","ping_status":"open","sticky":false,"template":"","format":"standard","meta":{"tdm_status":"","tdm_grid_status":"","_joinchat":[],"footnotes":""},"categories":[63],"tags":[],"class_list":{"0":"post-42914","1":"post","2":"type-post","3":"status-publish","4":"format-standard","5":"has-post-thumbnail","7":"category-policiales"},"amp_enabled":true,"_links":{"self":[{"href":"https:\/\/www.todoeldia.com\/index.php\/wp-json\/wp\/v2\/posts\/42914","targetHints":{"allow":["GET"]}}],"collection":[{"href":"https:\/\/www.todoeldia.com\/index.php\/wp-json\/wp\/v2\/posts"}],"about":[{"href":"https:\/\/www.todoeldia.com\/index.php\/wp-json\/wp\/v2\/types\/post"}],"author":[{"embeddable":true,"href":"https:\/\/www.todoeldia.com\/index.php\/wp-json\/wp\/v2\/users\/2"}],"replies":[{"embeddable":true,"href":"https:\/\/www.todoeldia.com\/index.php\/wp-json\/wp\/v2\/comments?post=42914"}],"version-history":[{"count":1,"href":"https:\/\/www.todoeldia.com\/index.php\/wp-json\/wp\/v2\/posts\/42914\/revisions"}],"predecessor-version":[{"id":42915,"href":"https:\/\/www.todoeldia.com\/index.php\/wp-json\/wp\/v2\/posts\/42914\/revisions\/42915"}],"wp:featuredmedia":[{"embeddable":true,"href":"https:\/\/www.todoeldia.com\/index.php\/wp-json\/wp\/v2\/media\/19513"}],"wp:attachment":[{"href":"https:\/\/www.todoeldia.com\/index.php\/wp-json\/wp\/v2\/media?parent=42914"}],"wp:term":[{"taxonomy":"category","embeddable":true,"href":"https:\/\/www.todoeldia.com\/index.php\/wp-json\/wp\/v2\/categories?post=42914"},{"taxonomy":"post_tag","embeddable":true,"href":"https:\/\/www.todoeldia.com\/index.php\/wp-json\/wp\/v2\/tags?post=42914"}],"curies":[{"name":"wp","href":"https:\/\/api.w.org\/{rel}","templated":true}]}}